{"id":10002,"date":"2013-09-21T21:00:18","date_gmt":"2013-09-22T01:00:18","guid":{"rendered":"http:\/\/www.yungayino.cl\/noticias\/?p=10002"},"modified":"2013-09-22T19:00:54","modified_gmt":"2013-09-22T23:00:54","slug":"carreras-de-carritos-maiten-cerro-abajo-se-realizaron-en-yungay","status":"publish","type":"post","link":"https:\/\/www.yungayino.cl\/noticias\/?p=10002","title":{"rendered":"Carreras de Carritos \u201cMait\u00e9n Cerro Abajo\u201d se Realizaron en Yungay"},"content":{"rendered":"<p><img loading=\"lazy\" decoding=\"async\" alt=\"YUNGAYINO.CL - El Portal de Yungay\" src=\"http:\/\/www.yungayino.cl\/imagenes\/carreracarritos201309.jpg\" width=\"500\" height=\"200\" \/><\/p>\n<p><span style=\"font-size: small; font-family: arial,helvetica,sans-serif;\">Yungay, con gran \u00e9xito se desarrollo en la Villa el Mait\u00e9n la Segunda competencia de carreras de carritos <b>\u201dMait\u00e9n Cerro Abajo\u201d, <\/b>el pasado s\u00e1bado 21 de septiembre. La competencia que fue organizada por la <b>\u201cAgrupaci\u00f3n Ra\u00edces\u201d<\/b>, cont\u00f3 con una muy buena asistencia de p\u00fablico adem\u00e1s del apoyo de los vecinos. Fue as\u00ed que los pilotos participantes mostraron a los presentes los diferentes prototipos, los que fueron construidos por los propios participantes y donde se destaco la buena creatividad de los hermanos Quezada, quienes crearon un carrito imitando el \u201c<b>guanaco<\/b>\u201d de Carabineros y destacar tambi\u00e9n la participaci\u00f3n del \u00fanico carrito de mujeres conducido por las hermanas Tapia con<b> \u201cPen\u00e9lope\u201d<\/b>. La competencia fue muy dura y en todo momento fue apoyada por los presentes, quienes disfrutaron de una tarde alegre y ve\u00edan con entusiasmo que los competidores se tiraban a gran velocidad \u00a0cerro abajo y demostrando su astucia al volante. Finalmente la jornada termino con la entrega de reconocimientos a los ganadores y a todos los participantes.<\/span><\/p>\n<p><a href=\"https:\/\/www.facebook.com\/media\/set\/?set=a.710078255673883.1073741959.159561284058919&amp;type=3&amp;uploaded=103\"><span style=\"font-size: small; font-family: arial,helvetica,sans-serif;\">Fotograf\u00edas<\/span><\/a><\/p>\n","protected":false},"excerpt":{"rendered":"<p>Yungay, con gran \u00e9xito se desarrollo en la Villa el Mait\u00e9n la Segunda competencia de carreras de carritos \u201dMait\u00e9n Cerro Abajo\u201d, el pasado s\u00e1bado 21 de septiembre. La competencia que fue organizada por la&#46;&#46;&#46;<\/p>\n","protected":false},"author":2,"featured_media":16341,"comment_status":"open","ping_status":"open","sticky":false,"template":"","format":"standard","meta":{"footnotes":""},"categories":[14],"tags":[757,756,665,1115,8,6],"class_list":["post-10002","post","type-post","status-publish","format-standard","has-post-thumbnail","hentry","category-historia","tag-agrupacion-raices","tag-carreras-carritos","tag-el-maiten","tag-noticias","tag-yungay","tag-yungayino"],"_links":{"self":[{"href":"https:\/\/www.yungayino.cl\/noticias\/index.php?rest_route=\/wp\/v2\/posts\/10002","targetHints":{"allow":["GET"]}}],"collection":[{"href":"https:\/\/www.yungayino.cl\/noticias\/index.php?rest_route=\/wp\/v2\/posts"}],"about":[{"href":"https:\/\/www.yungayino.cl\/noticias\/index.php?rest_route=\/wp\/v2\/types\/post"}],"author":[{"embeddable":true,"href":"https:\/\/www.yungayino.cl\/noticias\/index.php?rest_route=\/wp\/v2\/users\/2"}],"replies":[{"embeddable":true,"href":"https:\/\/www.yungayino.cl\/noticias\/index.php?rest_route=%2Fwp%2Fv2%2Fcomments&post=10002"}],"version-history":[{"count":4,"href":"https:\/\/www.yungayino.cl\/noticias\/index.php?rest_route=\/wp\/v2\/posts\/10002\/revisions"}],"predecessor-version":[{"id":10006,"href":"https:\/\/www.yungayino.cl\/noticias\/index.php?rest_route=\/wp\/v2\/posts\/10002\/revisions\/10006"}],"wp:featuredmedia":[{"embeddable":true,"href":"https:\/\/www.yungayino.cl\/noticias\/index.php?rest_route=\/wp\/v2\/media\/16341"}],"wp:attachment":[{"href":"https:\/\/www.yungayino.cl\/noticias\/index.php?rest_route=%2Fwp%2Fv2%2Fmedia&parent=10002"}],"wp:term":[{"taxonomy":"category","embeddable":true,"href":"https:\/\/www.yungayino.cl\/noticias\/index.php?rest_route=%2Fwp%2Fv2%2Fcategories&post=10002"},{"taxonomy":"post_tag","embeddable":true,"href":"https:\/\/www.yungayino.cl\/noticias\/index.php?rest_route=%2Fwp%2Fv2%2Ftags&post=10002"}],"curies":[{"name":"wp","href":"https:\/\/api.w.org\/{rel}","templated":true}]}}