{"id":10036,"date":"2013-09-25T10:00:50","date_gmt":"2013-09-25T14:00:50","guid":{"rendered":"http:\/\/www.yungayino.cl\/noticias\/?p=10036"},"modified":"2013-09-26T18:20:48","modified_gmt":"2013-09-26T22:20:48","slug":"carabineros-y-municipio-de-pemuco-se-reunieron-con-fonderos-para-formar-agrupacion","status":"publish","type":"post","link":"https:\/\/www.yungayino.cl\/noticias\/?p=10036","title":{"rendered":"Carabineros y Municipio de Pemuco Se Reunieron con Fonderos Para Formar Agrupaci\u00f3n"},"content":{"rendered":"<p><img loading=\"lazy\" decoding=\"async\" alt=\"YUNGAYINO.CL - El Portal de Yungay\" src=\"http:\/\/www.yungayino.cl\/imagenes\/pemuco20130925.jpg\" width=\"500\" height=\"200\" \/><\/p>\n<p><span style=\"font-size: small; font-family: arial,helvetica,sans-serif;\">Pemuco, en las dependencias de la Biblioteca P\u00fablica el pasado martes 24 de septiembre se llevo a cabo una reuni\u00f3n, donde participaron la alcaldesa de Pemuco Jacqueline Gui\u00f1ez, el Mayor de Carabineros de la Cuarta Comisar\u00eda de Yungay, Darwin Illanes Aguilera y fonderos de la vecina comuna para realizar una reuni\u00f3n, con el objetivo de formar a futuro una Agrupaci\u00f3n con su respectiva personalidad jur\u00eddica que les permita poder postular a financiamientos de proyectos como implementaci\u00f3n de seguridad, compra de alg\u00fan terrenos, mejoramiento de estructura como iluminaci\u00f3n entre otros. El Mayor Illanes, inst\u00f3 a los fonderos a formar esta agrupaci\u00f3n la que puede generarles muy buenos resultados a futuro y reitero su apoyo a los presentes y se\u00f1alo que tambi\u00e9n se reunir\u00e1 con fonderos de las comunas de El Carmen y Yungay para impulsar esta iniciativa. Por su parte, la m\u00e1xima autoridad comunal destac\u00f3 la iniciativa apoyada por el Mayor y reitero todo su apoyo a la formaci\u00f3n de esta agrupaci\u00f3n. Finalmente los fonderos asistentes agradecieron el apoyo brindado por las autoridades en esta idea , que sin duda dar\u00e1 buenos frutos en el futuro.<\/span><\/p>\n<p><span style=\"font-size: small; font-family: arial,helvetica,sans-serif;\"><a href=\"https:\/\/www.facebook.com\/media\/set\/?set=a.712303242118051.1073741963.159561284058919&amp;type=3&amp;uploaded=11\">Fotograf\u00edas<\/a><\/span><\/p>\n","protected":false},"excerpt":{"rendered":"<p>Pemuco, en las dependencias de la Biblioteca P\u00fablica el pasado martes 24 de septiembre se llevo a cabo una reuni\u00f3n, donde participaron la alcaldesa de Pemuco Jacqueline Gui\u00f1ez, el Mayor de Carabineros de la&#46;&#46;&#46;<\/p>\n","protected":false},"author":2,"featured_media":16347,"comment_status":"open","ping_status":"open","sticky":false,"template":"","format":"standard","meta":{"footnotes":""},"categories":[1],"tags":[25,760,1115,30,8,6],"class_list":["post-10036","post","type-post","status-publish","format-standard","has-post-thumbnail","hentry","category-noticias","tag-carabineros","tag-fonderos","tag-noticias","tag-pemuco","tag-yungay","tag-yungayino"],"_links":{"self":[{"href":"https:\/\/www.yungayino.cl\/noticias\/index.php?rest_route=\/wp\/v2\/posts\/10036","targetHints":{"allow":["GET"]}}],"collection":[{"href":"https:\/\/www.yungayino.cl\/noticias\/index.php?rest_route=\/wp\/v2\/posts"}],"about":[{"href":"https:\/\/www.yungayino.cl\/noticias\/index.php?rest_route=\/wp\/v2\/types\/post"}],"author":[{"embeddable":true,"href":"https:\/\/www.yungayino.cl\/noticias\/index.php?rest_route=\/wp\/v2\/users\/2"}],"replies":[{"embeddable":true,"href":"https:\/\/www.yungayino.cl\/noticias\/index.php?rest_route=%2Fwp%2Fv2%2Fcomments&post=10036"}],"version-history":[{"count":3,"href":"https:\/\/www.yungayino.cl\/noticias\/index.php?rest_route=\/wp\/v2\/posts\/10036\/revisions"}],"predecessor-version":[{"id":10039,"href":"https:\/\/www.yungayino.cl\/noticias\/index.php?rest_route=\/wp\/v2\/posts\/10036\/revisions\/10039"}],"wp:featuredmedia":[{"embeddable":true,"href":"https:\/\/www.yungayino.cl\/noticias\/index.php?rest_route=\/wp\/v2\/media\/16347"}],"wp:attachment":[{"href":"https:\/\/www.yungayino.cl\/noticias\/index.php?rest_route=%2Fwp%2Fv2%2Fmedia&parent=10036"}],"wp:term":[{"taxonomy":"category","embeddable":true,"href":"https:\/\/www.yungayino.cl\/noticias\/index.php?rest_route=%2Fwp%2Fv2%2Fcategories&post=10036"},{"taxonomy":"post_tag","embeddable":true,"href":"https:\/\/www.yungayino.cl\/noticias\/index.php?rest_route=%2Fwp%2Fv2%2Ftags&post=10036"}],"curies":[{"name":"wp","href":"https:\/\/api.w.org\/{rel}","templated":true}]}}