{"id":10051,"date":"2013-10-04T10:00:33","date_gmt":"2013-10-04T14:00:33","guid":{"rendered":"http:\/\/www.yungayino.cl\/noticias\/?p=10051"},"modified":"2013-10-04T12:23:49","modified_gmt":"2013-10-04T16:23:49","slug":"en-yungay-se-realizara-la-x-version-de-la-fiesta-de-san-francisco","status":"publish","type":"post","link":"https:\/\/www.yungayino.cl\/noticias\/?p=10051","title":{"rendered":"En Yungay se Realizar\u00e1 la X Versi\u00f3n de la \u201cFiesta de San Francisco\u201d"},"content":{"rendered":"<p><img loading=\"lazy\" decoding=\"async\" alt=\"YUNGAYINO.CL - El Portal de Yungay\" src=\"http:\/\/www.yungayino.cl\/imagenes\/fiestasanfrancisco2013.jpg\" width=\"500\" height=\"129\" \/><\/p>\n<p><span style=\"font-size: small; font-family: arial,helvetica,sans-serif;\">En Yungay se celebrar\u00e1 la Tradicional \u201c<strong>\u201cFiesta de San Francisco\u201d <\/strong>en su d\u00e9cima\u00a0 versi\u00f3n, la cu\u00e1l se ejecutar\u00e1 el pr\u00f3ximo domingo 06 de octubre a partir de las 11:00 horas en el Sector Los Laureles, comunidad rural distante a 15 Kil\u00f3metros de Yungay. Esta tradicional fiesta religiosa que se realizar\u00e1 en nuestra comuna y que consiste en realizar una procesi\u00f3n en donde esta la siembra para bendecir el trigo y pedir por una generosa cosecha. Tambi\u00e9n en la ocasi\u00f3n la organizaci\u00f3n a cargo del Club Deportivo Hurac\u00e1n tendr\u00e1 para los yungayinos y visitantes un variado programa de actividades donde destacan la m\u00fasica folcl\u00f3rica y cuecas interpretadas por el Conjunto <b>\u201cAlbores de Lomas Coloradas\u201d <\/b>de la Comuna de San Pedro de la Paz , tambi\u00e9n habr\u00e1 m\u00fasica ranchera a cargo <b>\u201cEl Huaso Montero\u201d<\/b>, <b>\u201dLos Hermanos Flores\u201d<\/b>, <b>\u201cLos Rancheros de Plata\u201d y \u201cLos Pincheira\u201d, <\/b>adem\u00e1s se instalar\u00e1n stand con artesan\u00edas y productos de la zona y para los amantes de los caballos se realizar\u00e1n carreras a la chilena. Finalmente la organizaci\u00f3n reitera su invitaci\u00f3n a todos los yungayinos y visitantes a participar de esta tradicional fiesta religiosa, donde adem\u00e1s habr\u00e1 una variedad de comidas t\u00edpicas, \u00e9l\u00a0 tradicional asado de cordero, concurso de la tortilla y el catuto m\u00e1s grande, adem\u00e1s se premiar\u00e1 la mejor cruz.<\/span><\/p>\n<p><span style=\"font-size: small; font-family: arial,helvetica,sans-serif;\"><a href=\"http:\/\/www.yungayino.cl\/imagenes\/sanfrancisco2013.docx\">Programa Actividad<\/a><\/span><\/p>\n","protected":false},"excerpt":{"rendered":"<p>En Yungay se celebrar\u00e1 la Tradicional \u201c\u201cFiesta de San Francisco\u201d en su d\u00e9cima\u00a0 versi\u00f3n, la cu\u00e1l se ejecutar\u00e1 el pr\u00f3ximo domingo 06 de octubre a partir de las 11:00 horas en el Sector Los&#46;&#46;&#46;<\/p>\n","protected":false},"author":2,"featured_media":16346,"comment_status":"open","ping_status":"open","sticky":false,"template":"","format":"standard","meta":{"footnotes":""},"categories":[5,1],"tags":[76,1115,761,8,6],"class_list":["post-10051","post","type-post","status-publish","format-standard","has-post-thumbnail","hentry","category-eventos","category-noticias","tag-fiesta-san-francisco","tag-noticias","tag-sector-los-laureles","tag-yungay","tag-yungayino"],"_links":{"self":[{"href":"https:\/\/www.yungayino.cl\/noticias\/index.php?rest_route=\/wp\/v2\/posts\/10051","targetHints":{"allow":["GET"]}}],"collection":[{"href":"https:\/\/www.yungayino.cl\/noticias\/index.php?rest_route=\/wp\/v2\/posts"}],"about":[{"href":"https:\/\/www.yungayino.cl\/noticias\/index.php?rest_route=\/wp\/v2\/types\/post"}],"author":[{"embeddable":true,"href":"https:\/\/www.yungayino.cl\/noticias\/index.php?rest_route=\/wp\/v2\/users\/2"}],"replies":[{"embeddable":true,"href":"https:\/\/www.yungayino.cl\/noticias\/index.php?rest_route=%2Fwp%2Fv2%2Fcomments&post=10051"}],"version-history":[{"count":3,"href":"https:\/\/www.yungayino.cl\/noticias\/index.php?rest_route=\/wp\/v2\/posts\/10051\/revisions"}],"predecessor-version":[{"id":10062,"href":"https:\/\/www.yungayino.cl\/noticias\/index.php?rest_route=\/wp\/v2\/posts\/10051\/revisions\/10062"}],"wp:featuredmedia":[{"embeddable":true,"href":"https:\/\/www.yungayino.cl\/noticias\/index.php?rest_route=\/wp\/v2\/media\/16346"}],"wp:attachment":[{"href":"https:\/\/www.yungayino.cl\/noticias\/index.php?rest_route=%2Fwp%2Fv2%2Fmedia&parent=10051"}],"wp:term":[{"taxonomy":"category","embeddable":true,"href":"https:\/\/www.yungayino.cl\/noticias\/index.php?rest_route=%2Fwp%2Fv2%2Fcategories&post=10051"},{"taxonomy":"post_tag","embeddable":true,"href":"https:\/\/www.yungayino.cl\/noticias\/index.php?rest_route=%2Fwp%2Fv2%2Ftags&post=10051"}],"curies":[{"name":"wp","href":"https:\/\/api.w.org\/{rel}","templated":true}]}}