{"id":10063,"date":"2013-10-05T09:00:38","date_gmt":"2013-10-05T13:00:38","guid":{"rendered":"http:\/\/www.yungayino.cl\/noticias\/?p=10063"},"modified":"2013-10-05T13:06:23","modified_gmt":"2013-10-05T17:06:23","slug":"en-yungay-se-celebro-el-dia-del-hospital","status":"publish","type":"post","link":"https:\/\/www.yungayino.cl\/noticias\/?p=10063","title":{"rendered":"En Yungay Se Celebr\u00f3 el \u201cD\u00eda del Hospital\u201d"},"content":{"rendered":"<p><img loading=\"lazy\" decoding=\"async\" alt=\"YUNGAYINO.CL - El Portal de Yungay\" src=\"http:\/\/www.yungayino.cl\/imagenes\/hospitalyungay201310.jpg\" width=\"500\" height=\"200\" \/><\/p>\n<p><span style=\"font-size: small; font-family: arial,helvetica,sans-serif;\">Yungay, jueves 03 de octubre a las 11:30 horas en la Sala de Reuniones del Hospital Comunitario de Salud Familiar Pedro Morales Campos y con la entonaci\u00f3n del himno nacional se dio inicio al Acto Ceremonial Conmemorativo al \u201cD\u00eda del Hospital\u201d, el cu\u00e1l fue presidido por su Director Francisco L\u00f3pez Castillo y a la cu\u00e1l concurrieron el alcalde Pedro Inostroza, Mauricio Mu\u00f1oz, Jefe Finanzas \u00d1uble, Concejales, Carabineros, Bomberos y Funcionarios. El Director destaco la labor que realiza el Hospital Comunitario de Salud Familiar Pedro Morales Campos y cada uno de sus funcionarios es por eso que se hizo entrega de reconocimiento por su destacada labor a funcionarios que cumplieron 10, 20 y 40 a\u00f1os de servicio y tambi\u00e9n a quienes se destacan por su abnegada labor y compa\u00f1erismo. En la ocasi\u00f3n se presento un n\u00famero art\u00edstico a cargo de alumnos de la Escuela Fernando Baquedano y la poes\u00eda se hizo presente con la poeta yungayina Clementina \u00a0Vel\u00e1squez. Destacar que en la ocasi\u00f3n tambi\u00e9n se inauguraron dos nuevos Box de atenci\u00f3n medico y que finalmente todos los asistentes compartieron un coctel por la celebraci\u00f3n del\u00a0 \u201cD\u00eda del Hospital\u201d.<\/span><\/p>\n<p><span style=\"font-size: small; font-family: arial,helvetica,sans-serif;\"><a href=\"https:\/\/www.facebook.com\/media\/set\/?set=a.717168184964890.1073741967.159561284058919&amp;type=3&amp;uploaded=41\">Fotograf\u00edas<\/a><\/span><\/p>\n","protected":false},"excerpt":{"rendered":"<p>Yungay, jueves 03 de octubre a las 11:30 horas en la Sala de Reuniones del Hospital Comunitario de Salud Familiar Pedro Morales Campos y con la entonaci\u00f3n del himno nacional se dio inicio al&#46;&#46;&#46;<\/p>\n","protected":false},"author":2,"featured_media":16352,"comment_status":"open","ping_status":"open","sticky":false,"template":"","format":"standard","meta":{"footnotes":""},"categories":[1],"tags":[260,1115,8,6],"class_list":["post-10063","post","type-post","status-publish","format-standard","has-post-thumbnail","hentry","category-noticias","tag-dia-hospital","tag-noticias","tag-yungay","tag-yungayino"],"_links":{"self":[{"href":"https:\/\/www.yungayino.cl\/noticias\/index.php?rest_route=\/wp\/v2\/posts\/10063","targetHints":{"allow":["GET"]}}],"collection":[{"href":"https:\/\/www.yungayino.cl\/noticias\/index.php?rest_route=\/wp\/v2\/posts"}],"about":[{"href":"https:\/\/www.yungayino.cl\/noticias\/index.php?rest_route=\/wp\/v2\/types\/post"}],"author":[{"embeddable":true,"href":"https:\/\/www.yungayino.cl\/noticias\/index.php?rest_route=\/wp\/v2\/users\/2"}],"replies":[{"embeddable":true,"href":"https:\/\/www.yungayino.cl\/noticias\/index.php?rest_route=%2Fwp%2Fv2%2Fcomments&post=10063"}],"version-history":[{"count":3,"href":"https:\/\/www.yungayino.cl\/noticias\/index.php?rest_route=\/wp\/v2\/posts\/10063\/revisions"}],"predecessor-version":[{"id":10066,"href":"https:\/\/www.yungayino.cl\/noticias\/index.php?rest_route=\/wp\/v2\/posts\/10063\/revisions\/10066"}],"wp:featuredmedia":[{"embeddable":true,"href":"https:\/\/www.yungayino.cl\/noticias\/index.php?rest_route=\/wp\/v2\/media\/16352"}],"wp:attachment":[{"href":"https:\/\/www.yungayino.cl\/noticias\/index.php?rest_route=%2Fwp%2Fv2%2Fmedia&parent=10063"}],"wp:term":[{"taxonomy":"category","embeddable":true,"href":"https:\/\/www.yungayino.cl\/noticias\/index.php?rest_route=%2Fwp%2Fv2%2Fcategories&post=10063"},{"taxonomy":"post_tag","embeddable":true,"href":"https:\/\/www.yungayino.cl\/noticias\/index.php?rest_route=%2Fwp%2Fv2%2Ftags&post=10063"}],"curies":[{"name":"wp","href":"https:\/\/api.w.org\/{rel}","templated":true}]}}