{"id":10082,"date":"2013-10-07T15:42:33","date_gmt":"2013-10-07T19:42:33","guid":{"rendered":"http:\/\/www.yungayino.cl\/noticias\/?p=10082"},"modified":"2013-10-07T15:42:33","modified_gmt":"2013-10-07T19:42:33","slug":"municipio-entrego-fondos-fondeve-a-organizaciones-de-yungay","status":"publish","type":"post","link":"https:\/\/www.yungayino.cl\/noticias\/?p=10082","title":{"rendered":"Municipio Entreg\u00f3 Fondos \u201cFONDEVE\u201d a Organizaciones de Yungay"},"content":{"rendered":"<p><img loading=\"lazy\" decoding=\"async\" alt=\"YUNGAYINO.CL - El Portal de Yungay\" src=\"http:\/\/www.yungayino.cl\/imagenes\/fondeve20131004.jpg\" width=\"500\" height=\"200\" \/><\/p>\n<p><span style=\"font-size: small; font-family: arial,helvetica,sans-serif;\">Yungay, en una ceremonia que se llevo a cabo el viernes 04 de octubre en el auditorio de la Biblioteca P\u00fablica encabezada por el alcalde Pedro Inostroza y acompa\u00f1ado por lo concejales, la Municipalidad de Yungay entreg\u00f3 los recursos correspondientes al Fondo de Desarrollo Vecinal a 35 organizaciones de nuestra comuna. Adem\u00e1s tambi\u00e9n en la ocasi\u00f3n se hizo entrega por parte del Municipio y Sercotec\u00a0 un reconocimiento a cinco mujeres emprendedoras que se hicieron acreedoras de subsidios <b>Sercotec \u201dFondos Capital Semilla-Abeja\u201d<\/b>.<b> <\/b>En su intervenci\u00f3n ante las organizaciones beneficiadas el Alcalde manifest\u00f3 sentirse contento por el alto grado de participaci\u00f3n e inter\u00e9s de las organizaciones postulantes: \u201cEsto es un compromiso del Concejo Municipal, con las organizaciones que hoy reciben este fondo, lo que va a solucionar sin duda muchos problemas y \u00a0a financiar las buenas ideas e iniciativas\u201d. En tanto para los representantes de las distintas organizaciones que recibieron su cheque, se demostraron gratamente agradecidos del Concejo Municipal por el constante apoyo que han entregado a las entidades comunitarias, indicando que este beneficio es un incentivo para continuar desarrollando actividades de \u00edndole social para la comunidad en general.<b><\/b><\/span><\/p>\n<p><a href=\"https:\/\/www.facebook.com\/media\/set\/?set=a.718204428194599.1073741971.159561284058919&amp;type=3\"><span style=\"font-size: small; font-family: arial,helvetica,sans-serif;\">Fotograf\u00edas<\/span><\/a><\/p>\n","protected":false},"excerpt":{"rendered":"<p>Yungay, en una ceremonia que se llevo a cabo el viernes 04 de octubre en el auditorio de la Biblioteca P\u00fablica encabezada por el alcalde Pedro Inostroza y acompa\u00f1ado por lo concejales, la Municipalidad&#46;&#46;&#46;<\/p>\n","protected":false},"author":2,"featured_media":16356,"comment_status":"open","ping_status":"open","sticky":false,"template":"","format":"standard","meta":{"footnotes":""},"categories":[1],"tags":[495,1115,8,6],"class_list":["post-10082","post","type-post","status-publish","format-standard","has-post-thumbnail","hentry","category-noticias","tag-fondeve","tag-noticias","tag-yungay","tag-yungayino"],"_links":{"self":[{"href":"https:\/\/www.yungayino.cl\/noticias\/index.php?rest_route=\/wp\/v2\/posts\/10082","targetHints":{"allow":["GET"]}}],"collection":[{"href":"https:\/\/www.yungayino.cl\/noticias\/index.php?rest_route=\/wp\/v2\/posts"}],"about":[{"href":"https:\/\/www.yungayino.cl\/noticias\/index.php?rest_route=\/wp\/v2\/types\/post"}],"author":[{"embeddable":true,"href":"https:\/\/www.yungayino.cl\/noticias\/index.php?rest_route=\/wp\/v2\/users\/2"}],"replies":[{"embeddable":true,"href":"https:\/\/www.yungayino.cl\/noticias\/index.php?rest_route=%2Fwp%2Fv2%2Fcomments&post=10082"}],"version-history":[{"count":3,"href":"https:\/\/www.yungayino.cl\/noticias\/index.php?rest_route=\/wp\/v2\/posts\/10082\/revisions"}],"predecessor-version":[{"id":10091,"href":"https:\/\/www.yungayino.cl\/noticias\/index.php?rest_route=\/wp\/v2\/posts\/10082\/revisions\/10091"}],"wp:featuredmedia":[{"embeddable":true,"href":"https:\/\/www.yungayino.cl\/noticias\/index.php?rest_route=\/wp\/v2\/media\/16356"}],"wp:attachment":[{"href":"https:\/\/www.yungayino.cl\/noticias\/index.php?rest_route=%2Fwp%2Fv2%2Fmedia&parent=10082"}],"wp:term":[{"taxonomy":"category","embeddable":true,"href":"https:\/\/www.yungayino.cl\/noticias\/index.php?rest_route=%2Fwp%2Fv2%2Fcategories&post=10082"},{"taxonomy":"post_tag","embeddable":true,"href":"https:\/\/www.yungayino.cl\/noticias\/index.php?rest_route=%2Fwp%2Fv2%2Ftags&post=10082"}],"curies":[{"name":"wp","href":"https:\/\/api.w.org\/{rel}","templated":true}]}}