{"id":10109,"date":"2013-10-10T18:00:13","date_gmt":"2013-10-10T22:00:13","guid":{"rendered":"http:\/\/www.yungayino.cl\/noticias\/?p=10109"},"modified":"2013-10-10T22:03:59","modified_gmt":"2013-10-11T02:03:59","slug":"2-feria-de-emprendimiento-2013-en-yungay","status":"publish","type":"post","link":"https:\/\/www.yungayino.cl\/noticias\/?p=10109","title":{"rendered":"2\u00b0 Feria de Emprendimiento 2013 en Yungay"},"content":{"rendered":"<p><img loading=\"lazy\" decoding=\"async\" alt=\"YUNGAYINO.CL - El Portal de Yungay\" src=\"http:\/\/www.yungayino.cl\/imagenes\/feiamujeres201310.jpg\" width=\"500\" height=\"200\" \/><\/p>\n<p><span style=\"font-size: small; font-family: arial,helvetica,sans-serif;\">Yungay 10 de Octubre 2013, la Ilustre Municipalidad de\u00a0Yungay en coordinaci\u00f3n con el SERNAM a trav\u00e9s del Programa <b>\u201cMujer Trabajadora y Jefa de Hogar\u201d<\/b>, inauguraron la 2\u00b0 Feria de Emprendimiento ubicada en la Plaza Iquique de nuestra comuna. La ceremonia cont\u00f3 con la asistencia del alcalde Pedro Inostroza, la Directora Regional (s) de Sernam, Marissa Barro y autoridades, adem\u00e1s de usuarias del programa. Se\u00f1alar que esta feria tiene como objetivo la creaci\u00f3n de nuevos y mejores empleos, activar el capital social de nuestra comuna y adem\u00e1s contribuir a la ubicaci\u00f3n laboral de mujeres desempleadas yungayinas, lo que les permite aumentar sus ingresos para ir en ayuda de sus familias. Finalmente las expositoras mostraron sus productos elaborados a las autoridades presentes y p\u00fablico en general.<\/span><\/p>\n<p><a href=\"https:\/\/www.facebook.com\/media\/set\/?set=a.720111551337220.1073741977.159561284058919&amp;type=3&amp;uploaded=37\"><span style=\"font-size: small; font-family: arial,helvetica,sans-serif;\">Fotograf\u00edas<\/span><\/a><\/p>\n","protected":false},"excerpt":{"rendered":"<p>Yungay 10 de Octubre 2013, la Ilustre Municipalidad de\u00a0Yungay en coordinaci\u00f3n con el SERNAM a trav\u00e9s del Programa \u201cMujer Trabajadora y Jefa de Hogar\u201d, inauguraron la 2\u00b0 Feria de Emprendimiento ubicada en la Plaza&#46;&#46;&#46;<\/p>\n","protected":false},"author":2,"featured_media":16362,"comment_status":"open","ping_status":"open","sticky":false,"template":"","format":"standard","meta":{"footnotes":""},"categories":[1],"tags":[553,1115,554,8,6],"class_list":["post-10109","post","type-post","status-publish","format-standard","has-post-thumbnail","hentry","category-noticias","tag-mujer-trabajadora-y-jefa-de-hogar","tag-noticias","tag-sernam","tag-yungay","tag-yungayino"],"_links":{"self":[{"href":"https:\/\/www.yungayino.cl\/noticias\/index.php?rest_route=\/wp\/v2\/posts\/10109","targetHints":{"allow":["GET"]}}],"collection":[{"href":"https:\/\/www.yungayino.cl\/noticias\/index.php?rest_route=\/wp\/v2\/posts"}],"about":[{"href":"https:\/\/www.yungayino.cl\/noticias\/index.php?rest_route=\/wp\/v2\/types\/post"}],"author":[{"embeddable":true,"href":"https:\/\/www.yungayino.cl\/noticias\/index.php?rest_route=\/wp\/v2\/users\/2"}],"replies":[{"embeddable":true,"href":"https:\/\/www.yungayino.cl\/noticias\/index.php?rest_route=%2Fwp%2Fv2%2Fcomments&post=10109"}],"version-history":[{"count":1,"href":"https:\/\/www.yungayino.cl\/noticias\/index.php?rest_route=\/wp\/v2\/posts\/10109\/revisions"}],"predecessor-version":[{"id":10110,"href":"https:\/\/www.yungayino.cl\/noticias\/index.php?rest_route=\/wp\/v2\/posts\/10109\/revisions\/10110"}],"wp:featuredmedia":[{"embeddable":true,"href":"https:\/\/www.yungayino.cl\/noticias\/index.php?rest_route=\/wp\/v2\/media\/16362"}],"wp:attachment":[{"href":"https:\/\/www.yungayino.cl\/noticias\/index.php?rest_route=%2Fwp%2Fv2%2Fmedia&parent=10109"}],"wp:term":[{"taxonomy":"category","embeddable":true,"href":"https:\/\/www.yungayino.cl\/noticias\/index.php?rest_route=%2Fwp%2Fv2%2Fcategories&post=10109"},{"taxonomy":"post_tag","embeddable":true,"href":"https:\/\/www.yungayino.cl\/noticias\/index.php?rest_route=%2Fwp%2Fv2%2Ftags&post=10109"}],"curies":[{"name":"wp","href":"https:\/\/api.w.org\/{rel}","templated":true}]}}