{"id":10115,"date":"2013-10-11T22:00:30","date_gmt":"2013-10-12T02:00:30","guid":{"rendered":"http:\/\/www.yungayino.cl\/noticias\/?p=10115"},"modified":"2013-10-11T23:20:10","modified_gmt":"2013-10-12T03:20:10","slug":"pequenos-dan-bienvenida-a-la-primavera-con-carros-alegoricos-en-yungay","status":"publish","type":"post","link":"https:\/\/www.yungayino.cl\/noticias\/?p=10115","title":{"rendered":"Peque\u00f1os Dan Bienvenida a la Primavera con Carros Aleg\u00f3ricos en Yungay"},"content":{"rendered":"<p><img loading=\"lazy\" decoding=\"async\" alt=\"YUNGAYINO.CL - El Portal de Yungay\" src=\"http:\/\/www.yungayino.cl\/imagenes\/jardines201010.jpg\" width=\"500\" height=\"200\" \/><\/p>\n<p><span style=\"font-size: small; font-family: arial,helvetica,sans-serif;\">Yungay viernes 11 de octubre 2013, con gran entusiasmo y singular alegr\u00eda los peque\u00f1os de la Sala Cuna \u201cGotitas de Amor\u201d de Yungay y el Jard\u00edn Infantil \u201cCuncunita\u201d de Cholgu\u00e1n recorrieron las calles c\u00e9ntricas de la comuna mostrando a la comunidad sus carros aleg\u00f3ricos con motivo de la llegada de la primavera. El p\u00fablico yungayino presente que se encontraba en la Plaza Iquique pudo disfrutar de un bonito espect\u00e1culo, donde se destacaban la caracterizaci\u00f3n de personajes animados como princesas, abejitas, flores y animalitos, entre otros, adem\u00e1s se\u00f1alar que en la actividad tambi\u00e9n fueron participes los padres, apoderados y sus respectivas t\u00edas de jardines.<\/span><\/p>\n<p><span style=\"font-size: small; font-family: arial,helvetica,sans-serif;\"><a href=\"https:\/\/www.facebook.com\/media\/set\/?set=a.720791247935917.1073741979.159561284058919&amp;type=3&amp;uploaded=99\">Fotograf\u00edas<\/a><\/span><\/p>\n","protected":false},"excerpt":{"rendered":"<p>Yungay viernes 11 de octubre 2013, con gran entusiasmo y singular alegr\u00eda los peque\u00f1os de la Sala Cuna \u201cGotitas de Amor\u201d de Yungay y el Jard\u00edn Infantil \u201cCuncunita\u201d de Cholgu\u00e1n recorrieron las calles c\u00e9ntricas&#46;&#46;&#46;<\/p>\n","protected":false},"author":2,"featured_media":16364,"comment_status":"open","ping_status":"open","sticky":false,"template":"","format":"standard","meta":{"footnotes":""},"categories":[1],"tags":[35,1115,8,6],"class_list":["post-10115","post","type-post","status-publish","format-standard","has-post-thumbnail","hentry","category-noticias","tag-cholguan","tag-noticias","tag-yungay","tag-yungayino"],"_links":{"self":[{"href":"https:\/\/www.yungayino.cl\/noticias\/index.php?rest_route=\/wp\/v2\/posts\/10115","targetHints":{"allow":["GET"]}}],"collection":[{"href":"https:\/\/www.yungayino.cl\/noticias\/index.php?rest_route=\/wp\/v2\/posts"}],"about":[{"href":"https:\/\/www.yungayino.cl\/noticias\/index.php?rest_route=\/wp\/v2\/types\/post"}],"author":[{"embeddable":true,"href":"https:\/\/www.yungayino.cl\/noticias\/index.php?rest_route=\/wp\/v2\/users\/2"}],"replies":[{"embeddable":true,"href":"https:\/\/www.yungayino.cl\/noticias\/index.php?rest_route=%2Fwp%2Fv2%2Fcomments&post=10115"}],"version-history":[{"count":2,"href":"https:\/\/www.yungayino.cl\/noticias\/index.php?rest_route=\/wp\/v2\/posts\/10115\/revisions"}],"predecessor-version":[{"id":10117,"href":"https:\/\/www.yungayino.cl\/noticias\/index.php?rest_route=\/wp\/v2\/posts\/10115\/revisions\/10117"}],"wp:featuredmedia":[{"embeddable":true,"href":"https:\/\/www.yungayino.cl\/noticias\/index.php?rest_route=\/wp\/v2\/media\/16364"}],"wp:attachment":[{"href":"https:\/\/www.yungayino.cl\/noticias\/index.php?rest_route=%2Fwp%2Fv2%2Fmedia&parent=10115"}],"wp:term":[{"taxonomy":"category","embeddable":true,"href":"https:\/\/www.yungayino.cl\/noticias\/index.php?rest_route=%2Fwp%2Fv2%2Fcategories&post=10115"},{"taxonomy":"post_tag","embeddable":true,"href":"https:\/\/www.yungayino.cl\/noticias\/index.php?rest_route=%2Fwp%2Fv2%2Ftags&post=10115"}],"curies":[{"name":"wp","href":"https:\/\/api.w.org\/{rel}","templated":true}]}}