{"id":10123,"date":"2013-10-15T10:00:08","date_gmt":"2013-10-15T14:00:08","guid":{"rendered":"http:\/\/www.yungayino.cl\/noticias\/?p=10123"},"modified":"2013-10-16T08:39:27","modified_gmt":"2013-10-16T12:39:27","slug":"celebracion-del-dia-del-adulto-mayor-en-yungay","status":"publish","type":"post","link":"https:\/\/www.yungayino.cl\/noticias\/?p=10123","title":{"rendered":"Celebraci\u00f3n del \u201cD\u00eda del Adulto Mayor\u201d en Yungay"},"content":{"rendered":"<p><img loading=\"lazy\" decoding=\"async\" alt=\"YUNGAYINO.CL - El Portal de Yungay\" src=\"http:\/\/www.yungayino.cl\/imagenes\/diaadultomayor2013.jpg\" width=\"500\" height=\"200\" \/><\/p>\n<p><span style=\"font-size: small; font-family: arial,helvetica,sans-serif;\">Yungay, el s\u00e1bado 12 de octubre en el Gimnasio Multiuso y como es tradicional la Ilustre Municipalidad de Yungay organizo un almuerzo con motivo de la celebraci\u00f3n de <b>\u201cEl D\u00eda del Adulto Mayor\u201d<\/b>, la cu\u00e1l cont\u00f3 con una masiva convocatoria de los diferentes clubes de adultos mayores del sector rural y urbano de la comuna. Los adultos mayores de nuestra comuna disfrutaron activamente de la jornada, donde compartieron, bailando y adem\u00e1s hubo otras sorpresas. La jornada estuvo liderada por el alcalde Pedro Inostroza, qui\u00e9n entrego un gran saludo de aliento y reiter\u00f3 el compromiso del municipio con la comunidad m\u00e1s antigua de la comuna. Finalmente los cientos de adultos mayores que asistieron agradecieron por la bonita jornada la que les permiti\u00f3 vivir un grato momento.<\/span><\/p>\n<p><a href=\"https:\/\/www.facebook.com\/media\/set\/?set=a.723719380976437.1073741981.159561284058919&amp;type=3&amp;uploaded=105\"><span style=\"font-size: small; font-family: arial,helvetica,sans-serif;\">Fotograf\u00edas<\/span><\/a><\/p>\n","protected":false},"excerpt":{"rendered":"<p>Yungay, el s\u00e1bado 12 de octubre en el Gimnasio Multiuso y como es tradicional la Ilustre Municipalidad de Yungay organizo un almuerzo con motivo de la celebraci\u00f3n de \u201cEl D\u00eda del Adulto Mayor\u201d, la&#46;&#46;&#46;<\/p>\n","protected":false},"author":2,"featured_media":16366,"comment_status":"open","ping_status":"open","sticky":false,"template":"","format":"standard","meta":{"footnotes":""},"categories":[1],"tags":[548,1115,8,6],"class_list":["post-10123","post","type-post","status-publish","format-standard","has-post-thumbnail","hentry","category-noticias","tag-dia-adulto-mayor","tag-noticias","tag-yungay","tag-yungayino"],"_links":{"self":[{"href":"https:\/\/www.yungayino.cl\/noticias\/index.php?rest_route=\/wp\/v2\/posts\/10123","targetHints":{"allow":["GET"]}}],"collection":[{"href":"https:\/\/www.yungayino.cl\/noticias\/index.php?rest_route=\/wp\/v2\/posts"}],"about":[{"href":"https:\/\/www.yungayino.cl\/noticias\/index.php?rest_route=\/wp\/v2\/types\/post"}],"author":[{"embeddable":true,"href":"https:\/\/www.yungayino.cl\/noticias\/index.php?rest_route=\/wp\/v2\/users\/2"}],"replies":[{"embeddable":true,"href":"https:\/\/www.yungayino.cl\/noticias\/index.php?rest_route=%2Fwp%2Fv2%2Fcomments&post=10123"}],"version-history":[{"count":2,"href":"https:\/\/www.yungayino.cl\/noticias\/index.php?rest_route=\/wp\/v2\/posts\/10123\/revisions"}],"predecessor-version":[{"id":10125,"href":"https:\/\/www.yungayino.cl\/noticias\/index.php?rest_route=\/wp\/v2\/posts\/10123\/revisions\/10125"}],"wp:featuredmedia":[{"embeddable":true,"href":"https:\/\/www.yungayino.cl\/noticias\/index.php?rest_route=\/wp\/v2\/media\/16366"}],"wp:attachment":[{"href":"https:\/\/www.yungayino.cl\/noticias\/index.php?rest_route=%2Fwp%2Fv2%2Fmedia&parent=10123"}],"wp:term":[{"taxonomy":"category","embeddable":true,"href":"https:\/\/www.yungayino.cl\/noticias\/index.php?rest_route=%2Fwp%2Fv2%2Fcategories&post=10123"},{"taxonomy":"post_tag","embeddable":true,"href":"https:\/\/www.yungayino.cl\/noticias\/index.php?rest_route=%2Fwp%2Fv2%2Ftags&post=10123"}],"curies":[{"name":"wp","href":"https:\/\/api.w.org\/{rel}","templated":true}]}}