{"id":10134,"date":"2013-10-19T16:00:47","date_gmt":"2013-10-19T20:00:47","guid":{"rendered":"http:\/\/www.yungayino.cl\/noticias\/?p=10134"},"modified":"2013-10-20T16:49:26","modified_gmt":"2013-10-20T20:49:26","slug":"escuela-fernando-baquedano-realizo-gala-cultural-en-el-dia-del-profesor","status":"publish","type":"post","link":"https:\/\/www.yungayino.cl\/noticias\/?p=10134","title":{"rendered":"Escuela Fernando Baquedano Realizo Gala Cultural en el \u201cD\u00eda del Profesor\u201d"},"content":{"rendered":"<p><img loading=\"lazy\" decoding=\"async\" alt=\"YUNGAYINO.CL - El Portal de Yungay\" src=\"http:\/\/www.yungayino.cl\/imagenes\/diaprofesor2013.jpg\" width=\"500\" height=\"200\" \/><\/p>\n<p><span style=\"font-size: small; font-family: arial,helvetica,sans-serif;\">Yungay, viernes 19 de octubre 2013 en las dependencias del Auditorio de la Biblioteca Municipal se realizo la Gala Cultural, con motivo de una nueva conmemoraci\u00f3n del <b>\u201cD\u00eda del Profesor\u201d, <\/b>la cual fue coordinada por el Departamento de Difusi\u00f3n de la Escuela Fernando Baquedano. La actividad contempl\u00f3 la adaptaci\u00f3n teatral \u201cPaso de las aceitunas\u201d del autor espa\u00f1ol, Lope de Rueda, la cual fue interpretada por los propios docentes. Finalmente se presento el Grupo Tuna del Magisterio de la Universidad Adventista de Chill\u00e1n.<\/span><\/p>\n<p><a href=\"https:\/\/www.facebook.com\/media\/set\/?set=a.726320570716318.1073741984.159561284058919&amp;type=3\"><span style=\"font-size: small; font-family: arial,helvetica,sans-serif;\">Fotograf\u00edas<\/span><\/a><\/p>\n","protected":false},"excerpt":{"rendered":"<p>Yungay, viernes 19 de octubre 2013 en las dependencias del Auditorio de la Biblioteca Municipal se realizo la Gala Cultural, con motivo de una nueva conmemoraci\u00f3n del \u201cD\u00eda del Profesor\u201d, la cual fue coordinada&#46;&#46;&#46;<\/p>\n","protected":false},"author":2,"featured_media":16369,"comment_status":"open","ping_status":"open","sticky":false,"template":"","format":"standard","meta":{"footnotes":""},"categories":[1],"tags":[190,1115,8,6],"class_list":["post-10134","post","type-post","status-publish","format-standard","has-post-thumbnail","hentry","category-noticias","tag-escuela-fernando-baquedano","tag-noticias","tag-yungay","tag-yungayino"],"_links":{"self":[{"href":"https:\/\/www.yungayino.cl\/noticias\/index.php?rest_route=\/wp\/v2\/posts\/10134","targetHints":{"allow":["GET"]}}],"collection":[{"href":"https:\/\/www.yungayino.cl\/noticias\/index.php?rest_route=\/wp\/v2\/posts"}],"about":[{"href":"https:\/\/www.yungayino.cl\/noticias\/index.php?rest_route=\/wp\/v2\/types\/post"}],"author":[{"embeddable":true,"href":"https:\/\/www.yungayino.cl\/noticias\/index.php?rest_route=\/wp\/v2\/users\/2"}],"replies":[{"embeddable":true,"href":"https:\/\/www.yungayino.cl\/noticias\/index.php?rest_route=%2Fwp%2Fv2%2Fcomments&post=10134"}],"version-history":[{"count":2,"href":"https:\/\/www.yungayino.cl\/noticias\/index.php?rest_route=\/wp\/v2\/posts\/10134\/revisions"}],"predecessor-version":[{"id":10136,"href":"https:\/\/www.yungayino.cl\/noticias\/index.php?rest_route=\/wp\/v2\/posts\/10134\/revisions\/10136"}],"wp:featuredmedia":[{"embeddable":true,"href":"https:\/\/www.yungayino.cl\/noticias\/index.php?rest_route=\/wp\/v2\/media\/16369"}],"wp:attachment":[{"href":"https:\/\/www.yungayino.cl\/noticias\/index.php?rest_route=%2Fwp%2Fv2%2Fmedia&parent=10134"}],"wp:term":[{"taxonomy":"category","embeddable":true,"href":"https:\/\/www.yungayino.cl\/noticias\/index.php?rest_route=%2Fwp%2Fv2%2Fcategories&post=10134"},{"taxonomy":"post_tag","embeddable":true,"href":"https:\/\/www.yungayino.cl\/noticias\/index.php?rest_route=%2Fwp%2Fv2%2Ftags&post=10134"}],"curies":[{"name":"wp","href":"https:\/\/api.w.org\/{rel}","templated":true}]}}