{"id":10140,"date":"2013-10-21T20:00:41","date_gmt":"2013-10-22T00:00:41","guid":{"rendered":"http:\/\/www.yungayino.cl\/noticias\/?p=10140"},"modified":"2013-10-21T21:06:12","modified_gmt":"2013-10-22T01:06:12","slug":"funcionarios-municipales-de-yungay-agrupados-a-la-asemuch-iniciaron-un-nuevo-paro","status":"publish","type":"post","link":"https:\/\/www.yungayino.cl\/noticias\/?p=10140","title":{"rendered":"Funcionarios Municipales de Yungay Agrupados a la ASEMUCH Iniciaron un Nuevo Paro"},"content":{"rendered":"<p><img loading=\"lazy\" decoding=\"async\" alt=\"YUNGAYINO.CL - El Portal de Yungay\" src=\"http:\/\/www.yungayino.cl\/imagenes\/paromuni201310.jpg\" width=\"500\" height=\"200\" \/><\/p>\n<p><span style=\"font-size: small; font-family: arial,helvetica,sans-serif;\">Yungay lunes 21 de octubre, tras el an\u00e1lisis del\u00a0 resultado del paro de brazos ca\u00eddos, por 48 horas, los funcionarios de la Municipalidad de Yungay agrupados a la ASEMUCH, iniciaron un nuevo movimiento a contar de hoy lunes 21 de octubre con un paro indefinido. Todo esto por no haber recibido un pronunciamiento favorable a sus peticiones, lo que ha provocado que adoptaran esta posici\u00f3n, que es un movimiento m\u00e1s grave, ya que afecta al normal desarrollo de las actividades que cumple la administraci\u00f3n municipal, con cada uno de sus servicios. Adem\u00e1s los contribuyentes se deben preparar para conocer, a contar de ma\u00f1ana, una paralizaci\u00f3n de los servicios p\u00fablicos, afiliados a la ANEF, quien ha convocado esta movilizaci\u00f3n en todo el pa\u00eds.<\/span><\/p>\n","protected":false},"excerpt":{"rendered":"<p>Yungay lunes 21 de octubre, tras el an\u00e1lisis del\u00a0 resultado del paro de brazos ca\u00eddos, por 48 horas, los funcionarios de la Municipalidad de Yungay agrupados a la ASEMUCH, iniciaron un nuevo movimiento a&#46;&#46;&#46;<\/p>\n","protected":false},"author":2,"featured_media":16371,"comment_status":"open","ping_status":"open","sticky":false,"template":"","format":"standard","meta":{"footnotes":""},"categories":[1],"tags":[356,1115,8,6],"class_list":["post-10140","post","type-post","status-publish","format-standard","has-post-thumbnail","hentry","category-noticias","tag-municipalidad","tag-noticias","tag-yungay","tag-yungayino"],"_links":{"self":[{"href":"https:\/\/www.yungayino.cl\/noticias\/index.php?rest_route=\/wp\/v2\/posts\/10140","targetHints":{"allow":["GET"]}}],"collection":[{"href":"https:\/\/www.yungayino.cl\/noticias\/index.php?rest_route=\/wp\/v2\/posts"}],"about":[{"href":"https:\/\/www.yungayino.cl\/noticias\/index.php?rest_route=\/wp\/v2\/types\/post"}],"author":[{"embeddable":true,"href":"https:\/\/www.yungayino.cl\/noticias\/index.php?rest_route=\/wp\/v2\/users\/2"}],"replies":[{"embeddable":true,"href":"https:\/\/www.yungayino.cl\/noticias\/index.php?rest_route=%2Fwp%2Fv2%2Fcomments&post=10140"}],"version-history":[{"count":2,"href":"https:\/\/www.yungayino.cl\/noticias\/index.php?rest_route=\/wp\/v2\/posts\/10140\/revisions"}],"predecessor-version":[{"id":10142,"href":"https:\/\/www.yungayino.cl\/noticias\/index.php?rest_route=\/wp\/v2\/posts\/10140\/revisions\/10142"}],"wp:featuredmedia":[{"embeddable":true,"href":"https:\/\/www.yungayino.cl\/noticias\/index.php?rest_route=\/wp\/v2\/media\/16371"}],"wp:attachment":[{"href":"https:\/\/www.yungayino.cl\/noticias\/index.php?rest_route=%2Fwp%2Fv2%2Fmedia&parent=10140"}],"wp:term":[{"taxonomy":"category","embeddable":true,"href":"https:\/\/www.yungayino.cl\/noticias\/index.php?rest_route=%2Fwp%2Fv2%2Fcategories&post=10140"},{"taxonomy":"post_tag","embeddable":true,"href":"https:\/\/www.yungayino.cl\/noticias\/index.php?rest_route=%2Fwp%2Fv2%2Ftags&post=10140"}],"curies":[{"name":"wp","href":"https:\/\/api.w.org\/{rel}","templated":true}]}}