{"id":10143,"date":"2013-10-23T16:00:24","date_gmt":"2013-10-23T20:00:24","guid":{"rendered":"http:\/\/www.yungayino.cl\/noticias\/?p=10143"},"modified":"2013-10-23T21:20:19","modified_gmt":"2013-10-24T01:20:19","slug":"biblioteca-publica-de-yungay-invita-a-la-comunidad-a-celebrar-del-dia-internacional-de-las-bibliotecas","status":"publish","type":"post","link":"https:\/\/www.yungayino.cl\/noticias\/?p=10143","title":{"rendered":"Biblioteca P\u00fablica de Yungay Invita a la Comunidad a Celebrar del \u201cD\u00eda Internacional de las Bibliotecas\u201d"},"content":{"rendered":"<p><img decoding=\"async\" alt=\"YUNGAYINO.CL - El Portal de Yungay\" src=\"http:\/\/www.yungayino.cl\/imagenes\/bibliotecayungay201310.jpg\" \/><\/p>\n<p><span style=\"font-size: small; font-family: arial,helvetica,sans-serif;\">Yungay, la administraci\u00f3n de la Biblioteca P\u00fablica de nuestra comuna invita a toda la comunidad a participar\u00a0ma\u00f1ana jueves 24 de octubre a partir de las 17:00 horas de m\u00faltiples actividades gratuitas que se realizaran con motivo de la Celebraci\u00f3n del<b> \u201cD\u00eda Internacional de las Bibliotecas\u201d<\/b>, las que har\u00e1n vivir una tarde muy especial a todos los que asistan. La jornada se realizara en el patio del edificio donde se contara con exhibici\u00f3n de libros, pel\u00edculas, Cuentacuentos y m\u00fasica. Finalmente mencionar que tambi\u00e9n para los d\u00edas 28, 29 y 30 de octubre la biblioteca celebrara <b>\u201cHalloween\u201d <\/b>donde habr\u00e1 pel\u00edculas, talleres, Cuentacuentos, disfraces, etc.<\/span><\/p>\n<p><span style=\"font-size: small; font-family: arial,helvetica,sans-serif;\">M\u00e1s informaci\u00f3n en Facebook \u201c<a href=\"https:\/\/www.facebook.com\/pages\/Biblioteca-de-Yungay\/113274345540485?ref=ts&amp;fref=ts\">Biblioteca de Yungay<\/a>\u201d<\/span><\/p>\n","protected":false},"excerpt":{"rendered":"<p>Yungay, la administraci\u00f3n de la Biblioteca P\u00fablica de nuestra comuna invita a toda la comunidad a participar\u00a0ma\u00f1ana jueves 24 de octubre a partir de las 17:00 horas de m\u00faltiples actividades gratuitas que se realizaran&#46;&#46;&#46;<\/p>\n","protected":false},"author":2,"featured_media":16372,"comment_status":"open","ping_status":"open","sticky":false,"template":"","format":"standard","meta":{"footnotes":""},"categories":[1],"tags":[774,1115,8,6],"class_list":["post-10143","post","type-post","status-publish","format-standard","has-post-thumbnail","hentry","category-noticias","tag-dia-internacional-de-las-bibliotecas","tag-noticias","tag-yungay","tag-yungayino"],"_links":{"self":[{"href":"https:\/\/www.yungayino.cl\/noticias\/index.php?rest_route=\/wp\/v2\/posts\/10143","targetHints":{"allow":["GET"]}}],"collection":[{"href":"https:\/\/www.yungayino.cl\/noticias\/index.php?rest_route=\/wp\/v2\/posts"}],"about":[{"href":"https:\/\/www.yungayino.cl\/noticias\/index.php?rest_route=\/wp\/v2\/types\/post"}],"author":[{"embeddable":true,"href":"https:\/\/www.yungayino.cl\/noticias\/index.php?rest_route=\/wp\/v2\/users\/2"}],"replies":[{"embeddable":true,"href":"https:\/\/www.yungayino.cl\/noticias\/index.php?rest_route=%2Fwp%2Fv2%2Fcomments&post=10143"}],"version-history":[{"count":3,"href":"https:\/\/www.yungayino.cl\/noticias\/index.php?rest_route=\/wp\/v2\/posts\/10143\/revisions"}],"predecessor-version":[{"id":10146,"href":"https:\/\/www.yungayino.cl\/noticias\/index.php?rest_route=\/wp\/v2\/posts\/10143\/revisions\/10146"}],"wp:featuredmedia":[{"embeddable":true,"href":"https:\/\/www.yungayino.cl\/noticias\/index.php?rest_route=\/wp\/v2\/media\/16372"}],"wp:attachment":[{"href":"https:\/\/www.yungayino.cl\/noticias\/index.php?rest_route=%2Fwp%2Fv2%2Fmedia&parent=10143"}],"wp:term":[{"taxonomy":"category","embeddable":true,"href":"https:\/\/www.yungayino.cl\/noticias\/index.php?rest_route=%2Fwp%2Fv2%2Fcategories&post=10143"},{"taxonomy":"post_tag","embeddable":true,"href":"https:\/\/www.yungayino.cl\/noticias\/index.php?rest_route=%2Fwp%2Fv2%2Ftags&post=10143"}],"curies":[{"name":"wp","href":"https:\/\/api.w.org\/{rel}","templated":true}]}}