{"id":10186,"date":"2013-11-02T10:00:41","date_gmt":"2013-11-02T14:00:41","guid":{"rendered":"http:\/\/www.yungayino.cl\/noticias\/?p=10186"},"modified":"2013-11-02T12:21:11","modified_gmt":"2013-11-02T16:21:11","slug":"presentacion-de-carros-alegoricos-en-yungay","status":"publish","type":"post","link":"https:\/\/www.yungayino.cl\/noticias\/?p=10186","title":{"rendered":"Presentaci\u00f3n de Carros Aleg\u00f3ricos en Yungay"},"content":{"rendered":"<p><img loading=\"lazy\" decoding=\"async\" alt=\"YUNGAYINO.CL - El Portal de Yungay\" src=\"http:\/\/www.yungayino.cl\/imagenes\/carrosalegoricos20131030.jpg\" width=\"500\" height=\"200\" \/><\/p>\n<p><span style=\"font-size: small; font-family: arial,helvetica,sans-serif;\">Yungay, con motivo de su aniversario N\u00b0 169\u00a0 la comunidad escolar del Liceo A-17, realizo el desfile por las calles de nuestra comuna con los tradicionales carros aleg\u00f3ricos y as\u00ed conmemorar un nuevo a\u00f1o de existencia de su establecimiento educacional. El p\u00fablico yungayino presente que se encontraba en la Plaza Iquique pudo disfrutar de un bonito espect\u00e1culo, donde\u00a0varios quedaron deslumbrados con la creatividad de los alumnos que en compa\u00f1\u00eda de profesores y apoderados recorr\u00edan disfrazados y entusiasmados, apoyando a sus respectivas alianzas por las calles c\u00e9ntricas de la comuna. Finalmente destacar que durante la semana tambi\u00e9n la comunidad escolar del Colegio Divina Pastora realizo presentaci\u00f3n de carros aleg\u00f3ricos con motivo de un nuevo aniversario.<\/span><\/p>\n<p><a href=\"https:\/\/www.facebook.com\/media\/set\/?set=a.734576243224084.1073741996.159561284058919&amp;type=3&amp;uploaded=47\"><span style=\"font-size: small; font-family: arial,helvetica,sans-serif;\">Fotograf\u00edas Carros Aleg\u00f3ricos Liceo A-17 <\/span><\/a><\/p>\n<p><a href=\"https:\/\/www.facebook.com\/media\/set\/?set=a.734571059891269.1073741995.159561284058919&amp;type=3&amp;uploaded=59\"><span style=\"font-size: small; font-family: arial,helvetica,sans-serif;\">Fotograf\u00edas Carros Aleg\u00f3ricos Colegio Divina Pastora<\/span><\/a><\/p>\n","protected":false},"excerpt":{"rendered":"<p>Yungay, con motivo de su aniversario N\u00b0 169\u00a0 la comunidad escolar del Liceo A-17, realizo el desfile por las calles de nuestra comuna con los tradicionales carros aleg\u00f3ricos y as\u00ed conmemorar un nuevo a\u00f1o&#46;&#46;&#46;<\/p>\n","protected":false},"author":2,"featured_media":16374,"comment_status":"open","ping_status":"open","sticky":false,"template":"","format":"standard","meta":{"footnotes":""},"categories":[1],"tags":[785,70,89,1115,8,6],"class_list":["post-10186","post","type-post","status-publish","format-standard","has-post-thumbnail","hentry","category-noticias","tag-carros-alegoricos","tag-colegio-divina-pastora","tag-liceo-yungay","tag-noticias","tag-yungay","tag-yungayino"],"_links":{"self":[{"href":"https:\/\/www.yungayino.cl\/noticias\/index.php?rest_route=\/wp\/v2\/posts\/10186","targetHints":{"allow":["GET"]}}],"collection":[{"href":"https:\/\/www.yungayino.cl\/noticias\/index.php?rest_route=\/wp\/v2\/posts"}],"about":[{"href":"https:\/\/www.yungayino.cl\/noticias\/index.php?rest_route=\/wp\/v2\/types\/post"}],"author":[{"embeddable":true,"href":"https:\/\/www.yungayino.cl\/noticias\/index.php?rest_route=\/wp\/v2\/users\/2"}],"replies":[{"embeddable":true,"href":"https:\/\/www.yungayino.cl\/noticias\/index.php?rest_route=%2Fwp%2Fv2%2Fcomments&post=10186"}],"version-history":[{"count":2,"href":"https:\/\/www.yungayino.cl\/noticias\/index.php?rest_route=\/wp\/v2\/posts\/10186\/revisions"}],"predecessor-version":[{"id":10188,"href":"https:\/\/www.yungayino.cl\/noticias\/index.php?rest_route=\/wp\/v2\/posts\/10186\/revisions\/10188"}],"wp:featuredmedia":[{"embeddable":true,"href":"https:\/\/www.yungayino.cl\/noticias\/index.php?rest_route=\/wp\/v2\/media\/16374"}],"wp:attachment":[{"href":"https:\/\/www.yungayino.cl\/noticias\/index.php?rest_route=%2Fwp%2Fv2%2Fmedia&parent=10186"}],"wp:term":[{"taxonomy":"category","embeddable":true,"href":"https:\/\/www.yungayino.cl\/noticias\/index.php?rest_route=%2Fwp%2Fv2%2Fcategories&post=10186"},{"taxonomy":"post_tag","embeddable":true,"href":"https:\/\/www.yungayino.cl\/noticias\/index.php?rest_route=%2Fwp%2Fv2%2Ftags&post=10186"}],"curies":[{"name":"wp","href":"https:\/\/api.w.org\/{rel}","templated":true}]}}