{"id":10198,"date":"2013-11-03T11:00:07","date_gmt":"2013-11-03T15:00:07","guid":{"rendered":"http:\/\/www.yungayino.cl\/noticias\/?p=10198"},"modified":"2013-11-04T11:32:52","modified_gmt":"2013-11-04T15:32:52","slug":"union-de-iglesias-evangelicas-celebraron-su-dia-en-yungay","status":"publish","type":"post","link":"https:\/\/www.yungayino.cl\/noticias\/?p=10198","title":{"rendered":"Uni\u00f3n de Iglesias Evang\u00e9licas Celebraron su D\u00eda en Yungay"},"content":{"rendered":"<p><img loading=\"lazy\" decoding=\"async\" alt=\"YUNGAYINO.CL - El Portal de Yungay\" src=\"http:\/\/www.yungayino.cl\/imagenes\/diaiglesiaevangelica2013.jpg\" width=\"500\" height=\"200\" \/><\/p>\n<p><span style=\"font-size: small; font-family: arial,helvetica,sans-serif;\">Yungay, el 31 de octubre se celebra en Chile el \u201cD\u00eda Nacional de las Iglesias Evang\u00e9licas y Protestantes\u201d, fecha que a partir del 2008 se estableci\u00f3 como feriado nacional ante la promulgaci\u00f3n de la Ley N \u00b0 20.299. Por su parte la Uni\u00f3n de Iglesias Evang\u00e9licas de Yungay realizo una ceremonia en el auditorio de la Biblioteca P\u00fablica de nuestra comuna para celebrar este d\u00eda. En la ocasi\u00f3n los diferentes pastores entregaron diversos mensajes, llamando a fortalecer la fe y tambi\u00e9n en la ocasi\u00f3n realizaron n\u00fameros musicales y art\u00edsticos. Finalmente mencionar que el d\u00eda 31 de octubre fue seleccionado por las propias congregaciones evang\u00e9licas, debido a que en esta fecha, hace casi 500 a\u00f1os, el monje alem\u00e1n Mart\u00edn Lutero dio inicio a la Reforma Protestante.<\/span><\/p>\n<p><span style=\"font-size: small; font-family: arial,helvetica,sans-serif;\"><a href=\"https:\/\/www.facebook.com\/media\/set\/?set=a.735415969806778.1073741999.159561284058919&amp;type=1\">Fotograf\u00edas<\/a><\/span><\/p>\n","protected":false},"excerpt":{"rendered":"<p>Yungay, el 31 de octubre se celebra en Chile el \u201cD\u00eda Nacional de las Iglesias Evang\u00e9licas y Protestantes\u201d, fecha que a partir del 2008 se estableci\u00f3 como feriado nacional ante la promulgaci\u00f3n de la&#46;&#46;&#46;<\/p>\n","protected":false},"author":2,"featured_media":16377,"comment_status":"open","ping_status":"open","sticky":false,"template":"","format":"standard","meta":{"footnotes":""},"categories":[1],"tags":[276,1115,8,6],"class_list":["post-10198","post","type-post","status-publish","format-standard","has-post-thumbnail","hentry","category-noticias","tag-dia-iglesias-evangelicas","tag-noticias","tag-yungay","tag-yungayino"],"_links":{"self":[{"href":"https:\/\/www.yungayino.cl\/noticias\/index.php?rest_route=\/wp\/v2\/posts\/10198","targetHints":{"allow":["GET"]}}],"collection":[{"href":"https:\/\/www.yungayino.cl\/noticias\/index.php?rest_route=\/wp\/v2\/posts"}],"about":[{"href":"https:\/\/www.yungayino.cl\/noticias\/index.php?rest_route=\/wp\/v2\/types\/post"}],"author":[{"embeddable":true,"href":"https:\/\/www.yungayino.cl\/noticias\/index.php?rest_route=\/wp\/v2\/users\/2"}],"replies":[{"embeddable":true,"href":"https:\/\/www.yungayino.cl\/noticias\/index.php?rest_route=%2Fwp%2Fv2%2Fcomments&post=10198"}],"version-history":[{"count":3,"href":"https:\/\/www.yungayino.cl\/noticias\/index.php?rest_route=\/wp\/v2\/posts\/10198\/revisions"}],"predecessor-version":[{"id":10201,"href":"https:\/\/www.yungayino.cl\/noticias\/index.php?rest_route=\/wp\/v2\/posts\/10198\/revisions\/10201"}],"wp:featuredmedia":[{"embeddable":true,"href":"https:\/\/www.yungayino.cl\/noticias\/index.php?rest_route=\/wp\/v2\/media\/16377"}],"wp:attachment":[{"href":"https:\/\/www.yungayino.cl\/noticias\/index.php?rest_route=%2Fwp%2Fv2%2Fmedia&parent=10198"}],"wp:term":[{"taxonomy":"category","embeddable":true,"href":"https:\/\/www.yungayino.cl\/noticias\/index.php?rest_route=%2Fwp%2Fv2%2Fcategories&post=10198"},{"taxonomy":"post_tag","embeddable":true,"href":"https:\/\/www.yungayino.cl\/noticias\/index.php?rest_route=%2Fwp%2Fv2%2Ftags&post=10198"}],"curies":[{"name":"wp","href":"https:\/\/api.w.org\/{rel}","templated":true}]}}