{"id":10203,"date":"2013-11-05T23:00:04","date_gmt":"2013-11-06T03:00:04","guid":{"rendered":"http:\/\/www.yungayino.cl\/noticias\/?p=10203"},"modified":"2013-11-06T12:33:47","modified_gmt":"2013-11-06T16:33:47","slug":"alumnos-de-la-escuela-fernando-baquedano-de-yungay-viajaron-a-valdivia","status":"publish","type":"post","link":"https:\/\/www.yungayino.cl\/noticias\/?p=10203","title":{"rendered":"Alumnos de la Escuela Fernando Baquedano de Yungay Viajaron a Valdivia"},"content":{"rendered":"<p><img loading=\"lazy\" decoding=\"async\" alt=\"YUNGAYINO.CL - El Portal de Yungay\" src=\"http:\/\/www.yungayino.cl\/imagenes\/alumnosenvaldivia201310.jpg\" width=\"500\" height=\"200\" \/><\/p>\n<p><span style=\"font-size: small; font-family: arial,helvetica,sans-serif;\">Yungay, alumnos \u00a0y alumnas del 5\u00b0 a\u00f1o \u201cC\u201d y 7\u00b0 a\u00f1o \u201cC\u201d de\u00a0 la Escuela Fernando Baquedano de nuestra comuna, viajaron a la Regi\u00f3n de los R\u00edos espec\u00edficamente a la ciudad de Valdivia. El viaje que fue costeado por los fondos de la Ley SEP (Subvenci\u00f3n Escolar Preferencial), gracias a la adjudicaci\u00f3n de un proyecto postulado por las profesoras jefas Paola Cares Mu\u00f1oz y Sonia Campos, el cu\u00e1l contemplaba una jornada de clases en terreno. Finalmente destacar que los alumnos disfrutaron de un bonito paseo por la costanera del Calle Calle, adem\u00e1s visitaron un museo y Niebla.<\/span><\/p>\n<p><span style=\"font-size: small; font-family: arial,helvetica,sans-serif;\">\u00a0<a href=\"https:\/\/www.facebook.com\/media\/set\/?set=a.736868972994811.1073742000.159561284058919&amp;type=1\">Fotograf\u00edas<\/a><\/span><\/p>\n","protected":false},"excerpt":{"rendered":"<p>Yungay, alumnos \u00a0y alumnas del 5\u00b0 a\u00f1o \u201cC\u201d y 7\u00b0 a\u00f1o \u201cC\u201d de\u00a0 la Escuela Fernando Baquedano de nuestra comuna, viajaron a la Regi\u00f3n de los R\u00edos espec\u00edficamente a la ciudad de Valdivia. El&#46;&#46;&#46;<\/p>\n","protected":false},"author":2,"featured_media":16389,"comment_status":"open","ping_status":"open","sticky":false,"template":"","format":"standard","meta":{"footnotes":""},"categories":[1],"tags":[190,790,1115,789,8,6],"class_list":["post-10203","post","type-post","status-publish","format-standard","has-post-thumbnail","hentry","category-noticias","tag-escuela-fernando-baquedano","tag-gira-de-estudios","tag-noticias","tag-valdivia","tag-yungay","tag-yungayino"],"_links":{"self":[{"href":"https:\/\/www.yungayino.cl\/noticias\/index.php?rest_route=\/wp\/v2\/posts\/10203","targetHints":{"allow":["GET"]}}],"collection":[{"href":"https:\/\/www.yungayino.cl\/noticias\/index.php?rest_route=\/wp\/v2\/posts"}],"about":[{"href":"https:\/\/www.yungayino.cl\/noticias\/index.php?rest_route=\/wp\/v2\/types\/post"}],"author":[{"embeddable":true,"href":"https:\/\/www.yungayino.cl\/noticias\/index.php?rest_route=\/wp\/v2\/users\/2"}],"replies":[{"embeddable":true,"href":"https:\/\/www.yungayino.cl\/noticias\/index.php?rest_route=%2Fwp%2Fv2%2Fcomments&post=10203"}],"version-history":[{"count":2,"href":"https:\/\/www.yungayino.cl\/noticias\/index.php?rest_route=\/wp\/v2\/posts\/10203\/revisions"}],"predecessor-version":[{"id":10205,"href":"https:\/\/www.yungayino.cl\/noticias\/index.php?rest_route=\/wp\/v2\/posts\/10203\/revisions\/10205"}],"wp:featuredmedia":[{"embeddable":true,"href":"https:\/\/www.yungayino.cl\/noticias\/index.php?rest_route=\/wp\/v2\/media\/16389"}],"wp:attachment":[{"href":"https:\/\/www.yungayino.cl\/noticias\/index.php?rest_route=%2Fwp%2Fv2%2Fmedia&parent=10203"}],"wp:term":[{"taxonomy":"category","embeddable":true,"href":"https:\/\/www.yungayino.cl\/noticias\/index.php?rest_route=%2Fwp%2Fv2%2Fcategories&post=10203"},{"taxonomy":"post_tag","embeddable":true,"href":"https:\/\/www.yungayino.cl\/noticias\/index.php?rest_route=%2Fwp%2Fv2%2Ftags&post=10203"}],"curies":[{"name":"wp","href":"https:\/\/api.w.org\/{rel}","templated":true}]}}