{"id":10214,"date":"2013-11-14T20:30:01","date_gmt":"2013-11-15T00:30:01","guid":{"rendered":"http:\/\/www.yungayino.cl\/noticias\/?p=10214"},"modified":"2013-11-19T22:14:11","modified_gmt":"2013-11-20T02:14:11","slug":"primer-concurso-fotografico-imagenes-con-historia-de-yungay","status":"publish","type":"post","link":"https:\/\/www.yungayino.cl\/noticias\/?p=10214","title":{"rendered":"Primer Concurso Fotogr\u00e1fico \u201cIm\u00e1genes con Historia de Yungay\u201d"},"content":{"rendered":"<p><img loading=\"lazy\" decoding=\"async\" alt=\"YUNGAYINO.CL - El Portal de Yungay\" src=\"http:\/\/www.yungayino.cl\/imagenes\/logoyungayino500.jpg\" width=\"500\" height=\"137\" \/><\/p>\n<p style=\"text-align: justify;\"><span style=\"font-size: medium; font-family: arial, helvetica, sans-serif;\"><b>El Portal Yungayino.cl<\/b> tiene el agrado de invitar a toda la comunidad de Yungay y visitantes de la comuna a participar de la Primera Versi\u00f3n del Concurso de Fotograf\u00eda <b>\u201cIm\u00e1genes con Historia de Yungay\u201d<\/b>, como parte de las actividades a realizar en su Aniversario N\u00b0 5, que se cumplir\u00e1 en el mes de Diciembre. El concurso que tiene por objetivo fomentar, rescatar, resaltar y motivar tanto a la comunidad de Yungay como a los turistas a admirar los atractivos tur\u00edsticos naturales, culturales, humanos e hist\u00f3ricos de la comuna, destacando la belleza de cada uno de los recursos que nos ofrece Yungay y sus alrededores. <\/span><\/p>\n<p style=\"text-align: justify;\"><span style=\"font-size: medium; font-family: arial, helvetica, sans-serif;\">Destacar que esta actividad cuenta con el Patrocinio de la Ilustre Municipalidad de Yungay, adem\u00e1s del auspicio de Banco Estado, Arauco, Agro \u00a0Farran, Copec, Maestranza Inostroza, Serem Ltda, Inversiones Baquedano, Copelec, Maestranza Excequiel Rodr\u00edguez e Hidroel\u00e9ctrica Molinos de Agua. Finalmente se\u00f1alar que ya se encuentran disponibles las bases del concurso a trav\u00e9s del Portal y nuestras redes sociales de Twitter y Facebook.<\/span><\/p>\n<p><span style=\"font-size: small; font-family: arial,helvetica,sans-serif;\"><b>\u00a0<a href=\"http:\/\/www.yungayino.cl\/imagenes\/concurso_ampliar.jpg\"><img loading=\"lazy\" decoding=\"async\" class=\"alignnone size-full wp-image-10261\" alt=\"I Concurso de Fotograf\u00eda\" src=\"http:\/\/www.yungayino.cl\/noticias\/wp-content\/uploads\/2013\/11\/insertar_concurso.jpg\" width=\"500\" height=\"750\" srcset=\"https:\/\/www.yungayino.cl\/noticias\/wp-content\/uploads\/2013\/11\/insertar_concurso.jpg 500w, https:\/\/www.yungayino.cl\/noticias\/wp-content\/uploads\/2013\/11\/insertar_concurso-200x300.jpg 200w, https:\/\/www.yungayino.cl\/noticias\/wp-content\/uploads\/2013\/11\/insertar_concurso-100x150.jpg 100w\" sizes=\"auto, (max-width: 500px) 100vw, 500px\" \/><\/a><\/b><\/span><\/p>\n<p><span style=\"font-size: small; font-family: arial,helvetica,sans-serif;\"><b>Premios<\/b><\/span><\/p>\n<p><span style=\"font-size: medium; font-family: arial, helvetica, sans-serif;\"><b>\u00a0<\/b>1\u00b0 Lugar $ 100.000\u00a0 en efectivo + C\u00e1mara Fotogr\u00e1fica+ Diploma<\/span><\/p>\n<p><span style=\"font-size: medium; font-family: arial, helvetica, sans-serif;\">\u00a02\u00b0 Lugar $ 50.000 en efectivo + Premio Sorpresa + Diploma<\/span><\/p>\n<p><span style=\"font-size: medium; font-family: arial, helvetica, sans-serif;\">\u00a03\u00b0 Lugar $ 30.000\u00a0 en efectivo + Premio Sorpresa + Diploma<\/span><\/p>\n<p><span style=\"font-size: medium; font-family: arial, helvetica, sans-serif;\">\u00a0Adem\u00e1s se entregar\u00e1n 2 Menciones Honrosas + Diploma<\/span><\/p>\n<p><span style=\"font-size: small; font-family: arial,helvetica,sans-serif;\">\u00a0<\/span><\/p>\n<p><a href=\"http:\/\/www.yungayino.cl\/imagenes\/basesconcursofotografia2013.doc\"><span style=\"font-size: small; font-family: arial,helvetica,sans-serif;\"> <b>Ver Bases Aqu\u00ed<\/b><\/span><\/a><\/p>\n","protected":false},"excerpt":{"rendered":"<p>El Portal Yungayino.cl tiene el agrado de invitar a toda la comunidad de Yungay y visitantes de la comuna a participar de la Primera Versi\u00f3n del Concurso de Fotograf\u00eda \u201cIm\u00e1genes con Historia de Yungay\u201d,&#46;&#46;&#46;<\/p>\n","protected":false},"author":2,"featured_media":16392,"comment_status":"open","ping_status":"open","sticky":false,"template":"","format":"standard","meta":{"footnotes":""},"categories":[1],"tags":[793,792,794,1115,8,6],"class_list":["post-10214","post","type-post","status-publish","format-standard","has-post-thumbnail","hentry","category-noticias","tag-aniversario-cinco-anos","tag-concurso-fotografico","tag-imagenes-con-historia-de-yungay","tag-noticias","tag-yungay","tag-yungayino"],"_links":{"self":[{"href":"https:\/\/www.yungayino.cl\/noticias\/index.php?rest_route=\/wp\/v2\/posts\/10214","targetHints":{"allow":["GET"]}}],"collection":[{"href":"https:\/\/www.yungayino.cl\/noticias\/index.php?rest_route=\/wp\/v2\/posts"}],"about":[{"href":"https:\/\/www.yungayino.cl\/noticias\/index.php?rest_route=\/wp\/v2\/types\/post"}],"author":[{"embeddable":true,"href":"https:\/\/www.yungayino.cl\/noticias\/index.php?rest_route=\/wp\/v2\/users\/2"}],"replies":[{"embeddable":true,"href":"https:\/\/www.yungayino.cl\/noticias\/index.php?rest_route=%2Fwp%2Fv2%2Fcomments&post=10214"}],"version-history":[{"count":7,"href":"https:\/\/www.yungayino.cl\/noticias\/index.php?rest_route=\/wp\/v2\/posts\/10214\/revisions"}],"predecessor-version":[{"id":10263,"href":"https:\/\/www.yungayino.cl\/noticias\/index.php?rest_route=\/wp\/v2\/posts\/10214\/revisions\/10263"}],"wp:featuredmedia":[{"embeddable":true,"href":"https:\/\/www.yungayino.cl\/noticias\/index.php?rest_route=\/wp\/v2\/media\/16392"}],"wp:attachment":[{"href":"https:\/\/www.yungayino.cl\/noticias\/index.php?rest_route=%2Fwp%2Fv2%2Fmedia&parent=10214"}],"wp:term":[{"taxonomy":"category","embeddable":true,"href":"https:\/\/www.yungayino.cl\/noticias\/index.php?rest_route=%2Fwp%2Fv2%2Fcategories&post=10214"},{"taxonomy":"post_tag","embeddable":true,"href":"https:\/\/www.yungayino.cl\/noticias\/index.php?rest_route=%2Fwp%2Fv2%2Ftags&post=10214"}],"curies":[{"name":"wp","href":"https:\/\/api.w.org\/{rel}","templated":true}]}}