{"id":10219,"date":"2013-11-12T10:00:55","date_gmt":"2013-11-12T14:00:55","guid":{"rendered":"http:\/\/www.yungayino.cl\/noticias\/?p=10219"},"modified":"2013-11-12T15:04:14","modified_gmt":"2013-11-12T19:04:14","slug":"jardin-verde-amanecer-promueve-vida-saludable-realizando-caminata","status":"publish","type":"post","link":"https:\/\/www.yungayino.cl\/noticias\/?p=10219","title":{"rendered":"Jard\u00edn Verde Amanecer Promueve Vida Saludable Realizando Caminata"},"content":{"rendered":"<p><img loading=\"lazy\" decoding=\"async\" alt=\"YUNGAYINO.CL - El Portal de Yungay\" src=\"http:\/\/www.yungayino.cl\/imagenes\/caminataverdeamanecer2013.jpg\" width=\"500\" height=\"200\" \/><\/p>\n<p><span style=\"font-size: small; font-family: arial,helvetica,sans-serif;\">Yungay, en el contexto de la campa\u00f1a de alimentaci\u00f3n saludable el Jard\u00edn Verde Amanecer de nuestra comuna realizo una caminata donde se tomaron las calles con el objetivo de llamar la atenci\u00f3n de la ciudadan\u00eda e incentivar a los ni\u00f1os y padres para que practiquen deporte y coman m\u00e1s sano. Se\u00f1alar que seg\u00fan los datos que se manejan un 47% de los ni\u00f1os que asiste a nuestros jardines infantiles tiene obesidad. Por eso, es importante el apoyo de la familia para apoyar esta actividad, ya que cambiar las costumbres alimenticias de un ni\u00f1o y practicar actividad f\u00edsica debe ser incentivada desde la familia, as\u00ed lo se\u00f1alo una de las mam\u00e1s participantes. Finalmente mencionar que la caminata cont\u00f3 con la participaci\u00f3n de las t\u00edas del jard\u00edn, papas, apoderados\u00a0 y ni\u00f1os quienes realizaron ejercicios en las plazas activas y compartieron alimentos sanos como frutas y jugos, adem\u00e1s de la colaboraci\u00f3n de Carabineros de la Cuarta Comisar\u00eda de Yungay<\/span><\/p>\n<p><a href=\"https:\/\/www.facebook.com\/media\/set\/?set=a.740810822600626.1073742003.159561284058919&amp;type=3&amp;uploaded=113\"><span style=\"font-size: small; font-family: arial,helvetica,sans-serif;\">Fotograf\u00edas<\/span><\/a><\/p>\n","protected":false},"excerpt":{"rendered":"<p>Yungay, en el contexto de la campa\u00f1a de alimentaci\u00f3n saludable el Jard\u00edn Verde Amanecer de nuestra comuna realizo una caminata donde se tomaron las calles con el objetivo de llamar la atenci\u00f3n de la&#46;&#46;&#46;<\/p>\n","protected":false},"author":2,"featured_media":16388,"comment_status":"open","ping_status":"open","sticky":false,"template":"","format":"standard","meta":{"footnotes":""},"categories":[1],"tags":[795,247,1115,8,6],"class_list":["post-10219","post","type-post","status-publish","format-standard","has-post-thumbnail","hentry","category-noticias","tag-caminata","tag-jardin-verde-amanecer","tag-noticias","tag-yungay","tag-yungayino"],"_links":{"self":[{"href":"https:\/\/www.yungayino.cl\/noticias\/index.php?rest_route=\/wp\/v2\/posts\/10219","targetHints":{"allow":["GET"]}}],"collection":[{"href":"https:\/\/www.yungayino.cl\/noticias\/index.php?rest_route=\/wp\/v2\/posts"}],"about":[{"href":"https:\/\/www.yungayino.cl\/noticias\/index.php?rest_route=\/wp\/v2\/types\/post"}],"author":[{"embeddable":true,"href":"https:\/\/www.yungayino.cl\/noticias\/index.php?rest_route=\/wp\/v2\/users\/2"}],"replies":[{"embeddable":true,"href":"https:\/\/www.yungayino.cl\/noticias\/index.php?rest_route=%2Fwp%2Fv2%2Fcomments&post=10219"}],"version-history":[{"count":2,"href":"https:\/\/www.yungayino.cl\/noticias\/index.php?rest_route=\/wp\/v2\/posts\/10219\/revisions"}],"predecessor-version":[{"id":10221,"href":"https:\/\/www.yungayino.cl\/noticias\/index.php?rest_route=\/wp\/v2\/posts\/10219\/revisions\/10221"}],"wp:featuredmedia":[{"embeddable":true,"href":"https:\/\/www.yungayino.cl\/noticias\/index.php?rest_route=\/wp\/v2\/media\/16388"}],"wp:attachment":[{"href":"https:\/\/www.yungayino.cl\/noticias\/index.php?rest_route=%2Fwp%2Fv2%2Fmedia&parent=10219"}],"wp:term":[{"taxonomy":"category","embeddable":true,"href":"https:\/\/www.yungayino.cl\/noticias\/index.php?rest_route=%2Fwp%2Fv2%2Fcategories&post=10219"},{"taxonomy":"post_tag","embeddable":true,"href":"https:\/\/www.yungayino.cl\/noticias\/index.php?rest_route=%2Fwp%2Fv2%2Ftags&post=10219"}],"curies":[{"name":"wp","href":"https:\/\/api.w.org\/{rel}","templated":true}]}}