{"id":10226,"date":"2013-11-14T08:00:34","date_gmt":"2013-11-14T12:00:34","guid":{"rendered":"http:\/\/www.yungayino.cl\/noticias\/?p=10226"},"modified":"2013-11-14T20:20:22","modified_gmt":"2013-11-15T00:20:22","slug":"yungay-participo-de-feria-microzonal-realizada-en-bulnes","status":"publish","type":"post","link":"https:\/\/www.yungayino.cl\/noticias\/?p=10226","title":{"rendered":"Yungay Participo de \u201cFeria Microzonal\u201d Realizada en Bulnes"},"content":{"rendered":"<p><img loading=\"lazy\" decoding=\"async\" alt=\"YUNGAYINO.CL - El Portal de Yungay\" src=\"http:\/\/www.yungayino.cl\/imagenes\/cantaresenbulnes.jpg\" width=\"500\" height=\"200\" \/><\/p>\n<p><span style=\"font-size: small; font-family: arial,helvetica,sans-serif;\">Yungay, artesanos de nuestra comuna adem\u00e1s de la Agrupaci\u00f3n Folcl\u00f3rica Cantares de Yungay y la cantora popular se\u00f1ora, Guillermina Bascu\u00f1an participaron de forma destacada de la primera instancia de la <b>\u201cFeria Microzonal\u201d, <\/b>realizada en la comuna de Bulnes el pasado s\u00e1bado 09 de noviembre. Esta\u00a0 iniciativa fue organizada por el Concejo de la Cultura y las Artes de la Regi\u00f3n del B\u00edob\u00edo, junto a las comunas de San Ignacio, El Carmen, Pemuco, Yungay y Bulnes, con el objetivo de potenciar el trabajo y fomentar la generaci\u00f3n de redes entre los artesanos de estas localidades, la cual en el futuro se realizar\u00e1 en otra comuna perteneciente a la microzona. La actividad estuvo encabezada por el Seremi de Cultura de la regi\u00f3n del B\u00edob\u00edo, Juan Eduardo King y del Alcalde de la Comuna de Bulnes, Ernesto S\u00e1nchez Fuentes. Ambos llegaron hasta el lugar sobre uno de los Carruajes Bicentenario, los que vinieron especialmente desde San Carlos para participar de esta feria. \u201cEsta feria es una muestra de que podemos rescatar nuestra cultura y nuestras tradiciones, potenciando las redes de la microzona\u201d indic\u00f3 el Seremi de Cultura. En tanto, el alcalde de la comuna se\u00f1al\u00f3 que \u201cpara nuestra gente son muy importante estas instancias en las que, junto con mostrar oficios y trabajos t\u00edpicos de nuestra\u00a0 zona campesina, pueden vender al p\u00fablico sus productos y potenciar sus emprendimientos\u201d. La jornada estuvo acompa\u00f1ada de cuecas y m\u00fasica folcl\u00f3rica a cargo de los conjuntos \u201cVida y Canto\u201d de San Ignacio, \u201cCantares de Yungay\u201d, y las cantoras y cantores populares \u201cAnselmo Feris\u201d de El\u00a0 Carmen, Rosita Flores de San Ignacio y Guillermina Bascu\u00f1an de Yungay.<\/span><\/p>\n<p><a href=\"https:\/\/www.facebook.com\/media\/set\/?set=a.741999812481727.1073742005.159561284058919&amp;type=3\"><span style=\"font-size: small; font-family: arial,helvetica,sans-serif;\">Fotograf\u00edas<\/span><\/a><\/p>\n","protected":false},"excerpt":{"rendered":"<p>Yungay, artesanos de nuestra comuna adem\u00e1s de la Agrupaci\u00f3n Folcl\u00f3rica Cantares de Yungay y la cantora popular se\u00f1ora, Guillermina Bascu\u00f1an participaron de forma destacada de la primera instancia de la \u201cFeria Microzonal\u201d, realizada en&#46;&#46;&#46;<\/p>\n","protected":false},"author":2,"featured_media":16394,"comment_status":"open","ping_status":"open","sticky":false,"template":"","format":"standard","meta":{"footnotes":""},"categories":[1],"tags":[796,1115,8,6],"class_list":["post-10226","post","type-post","status-publish","format-standard","has-post-thumbnail","hentry","category-noticias","tag-bulnes","tag-noticias","tag-yungay","tag-yungayino"],"_links":{"self":[{"href":"https:\/\/www.yungayino.cl\/noticias\/index.php?rest_route=\/wp\/v2\/posts\/10226","targetHints":{"allow":["GET"]}}],"collection":[{"href":"https:\/\/www.yungayino.cl\/noticias\/index.php?rest_route=\/wp\/v2\/posts"}],"about":[{"href":"https:\/\/www.yungayino.cl\/noticias\/index.php?rest_route=\/wp\/v2\/types\/post"}],"author":[{"embeddable":true,"href":"https:\/\/www.yungayino.cl\/noticias\/index.php?rest_route=\/wp\/v2\/users\/2"}],"replies":[{"embeddable":true,"href":"https:\/\/www.yungayino.cl\/noticias\/index.php?rest_route=%2Fwp%2Fv2%2Fcomments&post=10226"}],"version-history":[{"count":2,"href":"https:\/\/www.yungayino.cl\/noticias\/index.php?rest_route=\/wp\/v2\/posts\/10226\/revisions"}],"predecessor-version":[{"id":10228,"href":"https:\/\/www.yungayino.cl\/noticias\/index.php?rest_route=\/wp\/v2\/posts\/10226\/revisions\/10228"}],"wp:featuredmedia":[{"embeddable":true,"href":"https:\/\/www.yungayino.cl\/noticias\/index.php?rest_route=\/wp\/v2\/media\/16394"}],"wp:attachment":[{"href":"https:\/\/www.yungayino.cl\/noticias\/index.php?rest_route=%2Fwp%2Fv2%2Fmedia&parent=10226"}],"wp:term":[{"taxonomy":"category","embeddable":true,"href":"https:\/\/www.yungayino.cl\/noticias\/index.php?rest_route=%2Fwp%2Fv2%2Fcategories&post=10226"},{"taxonomy":"post_tag","embeddable":true,"href":"https:\/\/www.yungayino.cl\/noticias\/index.php?rest_route=%2Fwp%2Fv2%2Ftags&post=10226"}],"curies":[{"name":"wp","href":"https:\/\/api.w.org\/{rel}","templated":true}]}}