{"id":10252,"date":"2013-11-19T15:00:54","date_gmt":"2013-11-19T19:00:54","guid":{"rendered":"http:\/\/www.yungayino.cl\/noticias\/?p=10252"},"modified":"2013-11-19T19:20:25","modified_gmt":"2013-11-19T23:20:25","slug":"semana-del-parvulo-en-yungay-2","status":"publish","type":"post","link":"https:\/\/www.yungayino.cl\/noticias\/?p=10252","title":{"rendered":"Semana del P\u00e1rvulo en Yungay"},"content":{"rendered":"<p><img loading=\"lazy\" decoding=\"async\" alt=\"YUNGAYINO.CL - El Portal de Yungay\" src=\"http:\/\/www.yungayino.cl\/imagenes\/diaparvulo201311.jpg\" width=\"500\" height=\"200\" \/><\/p>\n<p><span style=\"font-size: small; font-family: arial,helvetica,sans-serif;\">Yungay, mi\u00e9rcoles 18 de noviembre 2013 a las 11:30 horas se llevo a cabo un acto en la Plaza Iquique de nuestra comuna con motivo del inicio de las actividades de la celebraci\u00f3n de la <b>\u201cSemana del P\u00e1rvulo<\/b>\u201d y \u00a0con la participaci\u00f3n de diferentes establecimientos educacionales de nuestra comuna. La actividad estuvo encabezada por el alcalde Pedro Inostroza junto a\u00a0 autoridades locales adem\u00e1s de p\u00fablico en general, quienes aplaudieron\u00a0 las diferentes presentaciones de bailes y n\u00fameros art\u00edsticos de los peque\u00f1itos participantes. Finalmente el acto termino con el desfile de las delegaciones, tambi\u00e9n se\u00f1alar que ma\u00f1ana martes se realizaran actividades recreativas en el Estadio Municipal y que el viernes 22 se realizar\u00e1 el desfile de carros aleg\u00f3ricos en la Plaza de armas de nuestra comuna.<\/span><\/p>\n<p><span style=\"font-size: small; font-family: arial,helvetica,sans-serif;\"><a href=\"https:\/\/www.facebook.com\/media\/set\/?set=a.745471485467893.1073742010.159561284058919&amp;type=3&amp;uploaded=99\">Fotograf\u00edas<\/a><\/span><\/p>\n","protected":false},"excerpt":{"rendered":"<p>Yungay, mi\u00e9rcoles 18 de noviembre 2013 a las 11:30 horas se llevo a cabo un acto en la Plaza Iquique de nuestra comuna con motivo del inicio de las actividades de la celebraci\u00f3n de&#46;&#46;&#46;<\/p>\n","protected":false},"author":2,"featured_media":16400,"comment_status":"open","ping_status":"open","sticky":false,"template":"","format":"standard","meta":{"footnotes":""},"categories":[1],"tags":[434,1115,8,6],"class_list":["post-10252","post","type-post","status-publish","format-standard","has-post-thumbnail","hentry","category-noticias","tag-dia-del-parvulo","tag-noticias","tag-yungay","tag-yungayino"],"_links":{"self":[{"href":"https:\/\/www.yungayino.cl\/noticias\/index.php?rest_route=\/wp\/v2\/posts\/10252","targetHints":{"allow":["GET"]}}],"collection":[{"href":"https:\/\/www.yungayino.cl\/noticias\/index.php?rest_route=\/wp\/v2\/posts"}],"about":[{"href":"https:\/\/www.yungayino.cl\/noticias\/index.php?rest_route=\/wp\/v2\/types\/post"}],"author":[{"embeddable":true,"href":"https:\/\/www.yungayino.cl\/noticias\/index.php?rest_route=\/wp\/v2\/users\/2"}],"replies":[{"embeddable":true,"href":"https:\/\/www.yungayino.cl\/noticias\/index.php?rest_route=%2Fwp%2Fv2%2Fcomments&post=10252"}],"version-history":[{"count":3,"href":"https:\/\/www.yungayino.cl\/noticias\/index.php?rest_route=\/wp\/v2\/posts\/10252\/revisions"}],"predecessor-version":[{"id":10255,"href":"https:\/\/www.yungayino.cl\/noticias\/index.php?rest_route=\/wp\/v2\/posts\/10252\/revisions\/10255"}],"wp:featuredmedia":[{"embeddable":true,"href":"https:\/\/www.yungayino.cl\/noticias\/index.php?rest_route=\/wp\/v2\/media\/16400"}],"wp:attachment":[{"href":"https:\/\/www.yungayino.cl\/noticias\/index.php?rest_route=%2Fwp%2Fv2%2Fmedia&parent=10252"}],"wp:term":[{"taxonomy":"category","embeddable":true,"href":"https:\/\/www.yungayino.cl\/noticias\/index.php?rest_route=%2Fwp%2Fv2%2Fcategories&post=10252"},{"taxonomy":"post_tag","embeddable":true,"href":"https:\/\/www.yungayino.cl\/noticias\/index.php?rest_route=%2Fwp%2Fv2%2Ftags&post=10252"}],"curies":[{"name":"wp","href":"https:\/\/api.w.org\/{rel}","templated":true}]}}