{"id":10256,"date":"2013-11-19T19:00:57","date_gmt":"2013-11-19T23:00:57","guid":{"rendered":"http:\/\/www.yungayino.cl\/noticias\/?p=10256"},"modified":"2013-11-19T19:36:04","modified_gmt":"2013-11-19T23:36:04","slug":"familia-afectada-por-incendio-recibe-ayuda-del-municipio","status":"publish","type":"post","link":"https:\/\/www.yungayino.cl\/noticias\/?p=10256","title":{"rendered":"Familia Afectada por Incendio Recibe Ayuda del Municipio"},"content":{"rendered":"<p><img loading=\"lazy\" decoding=\"async\" alt=\"YUNGAYINO.CL - El Portal de Yungay\" src=\"http:\/\/www.yungayino.cl\/imagenes\/lospuquios20131119.jpg\" width=\"500\" height=\"200\" \/><\/p>\n<p><span style=\"font-size: small; font-family: arial,helvetica,sans-serif;\">Yungay, lunes 18 de noviembre 2013 la familia de Amada Orme\u00f1o Molinet del Sector Los Puqu\u00edos de nuestra comuna comienza a vivir un momento de alegr\u00eda y esperanza, luego que durante la semana pasada su vivienda fuera consumida en su totalidad por el fuego, perdiendo todas sus pertenencias y afectando a 8 personas de su grupo familiar. Tras conocerse el caso el municipio de Yungay de inmediato tom\u00f3 contacto con los afectados y se comprometieron a ayudarlos, a trav\u00e9s del Departamento de Direcci\u00f3n de Desarrollo Comunitario (DIDECO), con el prop\u00f3sito de asegurarles una vivienda, ya que su antiguo hogar qued\u00f3 convertido en cenizas. Fue as\u00ed como el propio alcalde Pedro Inostroza llevo un momento de alegr\u00eda a la familia afectada haciendo entrega de 2 mediaguas para enfrentar la emergencia, adem\u00e1s el edil, qui\u00e9n fue acompa\u00f1ado por la directora de DIDECO, Marcia Ortiz entregaron otros obsequios y se comprometieron a seguir aport\u00e1ndoles mas recursos y que adem\u00e1s se sienta apoyada por el equipo t\u00e9cnico municipal para salir adelante en este dif\u00edcil momento. Tambi\u00e9n el edil le manifest\u00f3 que el municipio no la va a dejar sola, adem\u00e1s le dio la buena noticia que contar\u00e1 con una cocina nueva aportada por el Empresario Pablo Inostroza y mientra hacia la entrega de las buenas noticias, Personal de la Cuarta Comisar\u00eda de Yungay manifest\u00f3 a trav\u00e9s de una campa\u00f1a solidaria de la Radio La Voz de Yungay, que aportar\u00edan con 8 sillas, adem\u00e1s del aporte de un particular que cooperar\u00eda con una mesa. Finalmente el Equipo del Portal Yungayino.cl converso con Amada Orme\u00f1o Molinet, qui\u00e9n manifest\u00f3 su satisfacci\u00f3n y agradecimiento por las r\u00e1pidas gestiones que hizo el alcalde Pedro Inostroza y tambi\u00e9n agradeci\u00f3 toda la ayuda recibida por la comunidad y a todos quienes han colaborado lo que le da fuerzas y esperanza para reponerse de este dif\u00edcil momento.<\/span><\/p>\n<p><span style=\"font-size: small; font-family: arial,helvetica,sans-serif;\"><a href=\"https:\/\/www.facebook.com\/media\/set\/?set=a.745481402133568.1073742011.159561284058919&amp;type=3&amp;uploaded=7\">Fotograf\u00edas<\/a><\/span><\/p>\n","protected":false},"excerpt":{"rendered":"<p>Yungay, lunes 18 de noviembre 2013 la familia de Amada Orme\u00f1o Molinet del Sector Los Puqu\u00edos de nuestra comuna comienza a vivir un momento de alegr\u00eda y esperanza, luego que durante la semana pasada&#46;&#46;&#46;<\/p>\n","protected":false},"author":2,"featured_media":16401,"comment_status":"open","ping_status":"open","sticky":false,"template":"","format":"standard","meta":{"footnotes":""},"categories":[1],"tags":[802,26,801,1115,6,800],"class_list":["post-10256","post","type-post","status-publish","format-standard","has-post-thumbnail","hentry","category-noticias","tag-ayuda-social","tag-incendio","tag-los-puquios","tag-noticias","tag-yungayino","tag-yungya"],"_links":{"self":[{"href":"https:\/\/www.yungayino.cl\/noticias\/index.php?rest_route=\/wp\/v2\/posts\/10256","targetHints":{"allow":["GET"]}}],"collection":[{"href":"https:\/\/www.yungayino.cl\/noticias\/index.php?rest_route=\/wp\/v2\/posts"}],"about":[{"href":"https:\/\/www.yungayino.cl\/noticias\/index.php?rest_route=\/wp\/v2\/types\/post"}],"author":[{"embeddable":true,"href":"https:\/\/www.yungayino.cl\/noticias\/index.php?rest_route=\/wp\/v2\/users\/2"}],"replies":[{"embeddable":true,"href":"https:\/\/www.yungayino.cl\/noticias\/index.php?rest_route=%2Fwp%2Fv2%2Fcomments&post=10256"}],"version-history":[{"count":2,"href":"https:\/\/www.yungayino.cl\/noticias\/index.php?rest_route=\/wp\/v2\/posts\/10256\/revisions"}],"predecessor-version":[{"id":10258,"href":"https:\/\/www.yungayino.cl\/noticias\/index.php?rest_route=\/wp\/v2\/posts\/10256\/revisions\/10258"}],"wp:featuredmedia":[{"embeddable":true,"href":"https:\/\/www.yungayino.cl\/noticias\/index.php?rest_route=\/wp\/v2\/media\/16401"}],"wp:attachment":[{"href":"https:\/\/www.yungayino.cl\/noticias\/index.php?rest_route=%2Fwp%2Fv2%2Fmedia&parent=10256"}],"wp:term":[{"taxonomy":"category","embeddable":true,"href":"https:\/\/www.yungayino.cl\/noticias\/index.php?rest_route=%2Fwp%2Fv2%2Fcategories&post=10256"},{"taxonomy":"post_tag","embeddable":true,"href":"https:\/\/www.yungayino.cl\/noticias\/index.php?rest_route=%2Fwp%2Fv2%2Ftags&post=10256"}],"curies":[{"name":"wp","href":"https:\/\/api.w.org\/{rel}","templated":true}]}}