{"id":10295,"date":"2013-11-26T10:00:37","date_gmt":"2013-11-26T14:00:37","guid":{"rendered":"http:\/\/www.yungayino.cl\/noticias\/?p=10295"},"modified":"2013-11-28T20:57:22","modified_gmt":"2013-11-29T00:57:22","slug":"con-presentacion-de-carros-alegoricos-termino-semana-del-parvulo-en-yungay","status":"publish","type":"post","link":"https:\/\/www.yungayino.cl\/noticias\/?p=10295","title":{"rendered":"Con Presentaci\u00f3n de Carros Aleg\u00f3ricos Termino \u201cSemana del P\u00e1rvulo\u201d en Yungay"},"content":{"rendered":"<p><img loading=\"lazy\" decoding=\"async\" alt=\"YUNGAYINO.CL - El Portal de Yungay\" src=\"http:\/\/www.yungayino.cl\/imagenes\/carrosjardin201311.jpg\" width=\"500\" height=\"200\" \/><\/p>\n<p><span style=\"font-size: small; font-family: arial,helvetica,sans-serif;\">Yungay, con la presentaci\u00f3n de diferentes carros aleg\u00f3ricos en la Plaza Iquique de nuestra comuna el pasado viernes 22 de noviembre, se puso t\u00e9rmino a las diferentes actividades realizadas con motivo de la celebraci\u00f3n de la <b>\u201cSemana del P\u00e1rvulo<\/b>\u201d por parte de los jardines infantiles y salas cunas perteneciente a la Junji. El desfile se destaco por el gran entusiasmo y la singular alegr\u00eda de los ni\u00f1os, t\u00edas y padres durante el recorrido, adem\u00e1s de la creatividad y la caracterizaci\u00f3n de los diferentes personajes presentados durante el desfile.<\/span><\/p>\n<p><a href=\"https:\/\/www.facebook.com\/media\/set\/?set=a.752662924748749.1073742021.159561284058919&amp;type=3&amp;uploaded=58\"><span style=\"font-size: small; font-family: arial,helvetica,sans-serif;\">Fotograf\u00edas<\/span><\/a><\/p>\n","protected":false},"excerpt":{"rendered":"<p>Yungay, con la presentaci\u00f3n de diferentes carros aleg\u00f3ricos en la Plaza Iquique de nuestra comuna el pasado viernes 22 de noviembre, se puso t\u00e9rmino a las diferentes actividades realizadas con motivo de la celebraci\u00f3n&#46;&#46;&#46;<\/p>\n","protected":false},"author":2,"featured_media":16411,"comment_status":"open","ping_status":"open","sticky":false,"template":"","format":"standard","meta":{"footnotes":""},"categories":[1],"tags":[1115,810,8,6],"class_list":["post-10295","post","type-post","status-publish","format-standard","has-post-thumbnail","hentry","category-noticias","tag-noticias","tag-semana-del-parvulo","tag-yungay","tag-yungayino"],"_links":{"self":[{"href":"https:\/\/www.yungayino.cl\/noticias\/index.php?rest_route=\/wp\/v2\/posts\/10295","targetHints":{"allow":["GET"]}}],"collection":[{"href":"https:\/\/www.yungayino.cl\/noticias\/index.php?rest_route=\/wp\/v2\/posts"}],"about":[{"href":"https:\/\/www.yungayino.cl\/noticias\/index.php?rest_route=\/wp\/v2\/types\/post"}],"author":[{"embeddable":true,"href":"https:\/\/www.yungayino.cl\/noticias\/index.php?rest_route=\/wp\/v2\/users\/2"}],"replies":[{"embeddable":true,"href":"https:\/\/www.yungayino.cl\/noticias\/index.php?rest_route=%2Fwp%2Fv2%2Fcomments&post=10295"}],"version-history":[{"count":2,"href":"https:\/\/www.yungayino.cl\/noticias\/index.php?rest_route=\/wp\/v2\/posts\/10295\/revisions"}],"predecessor-version":[{"id":10297,"href":"https:\/\/www.yungayino.cl\/noticias\/index.php?rest_route=\/wp\/v2\/posts\/10295\/revisions\/10297"}],"wp:featuredmedia":[{"embeddable":true,"href":"https:\/\/www.yungayino.cl\/noticias\/index.php?rest_route=\/wp\/v2\/media\/16411"}],"wp:attachment":[{"href":"https:\/\/www.yungayino.cl\/noticias\/index.php?rest_route=%2Fwp%2Fv2%2Fmedia&parent=10295"}],"wp:term":[{"taxonomy":"category","embeddable":true,"href":"https:\/\/www.yungayino.cl\/noticias\/index.php?rest_route=%2Fwp%2Fv2%2Fcategories&post=10295"},{"taxonomy":"post_tag","embeddable":true,"href":"https:\/\/www.yungayino.cl\/noticias\/index.php?rest_route=%2Fwp%2Fv2%2Ftags&post=10295"}],"curies":[{"name":"wp","href":"https:\/\/api.w.org\/{rel}","templated":true}]}}