{"id":10298,"date":"2013-11-28T18:00:50","date_gmt":"2013-11-28T22:00:50","guid":{"rendered":"http:\/\/www.yungayino.cl\/noticias\/?p=10298"},"modified":"2013-11-28T21:15:37","modified_gmt":"2013-11-29T01:15:37","slug":"jornada-para-promover-la-salud-se-realizo-en-yungay","status":"publish","type":"post","link":"https:\/\/www.yungayino.cl\/noticias\/?p=10298","title":{"rendered":"Jornada Para Promover la Salud se Realizo en Yungay"},"content":{"rendered":"<p><img loading=\"lazy\" decoding=\"async\" alt=\"YUNGAYINO.CL - El Portal de Yungay\" src=\"http:\/\/www.yungayino.cl\/imagenes\/salud20131128.jpg\" width=\"500\" height=\"200\" \/><\/p>\n<p><span style=\"font-size: small; font-family: arial,helvetica,sans-serif;\">Yungay, jueves 28 de noviembre en la Plaza Iquique de nuestra comuna se llevo a cabo una <strong>\u201cJornada de Promoci\u00f3n a la Salud\u201d<\/strong> con distintos stand saludables de la Red Programa Promoci\u00f3n de Salud Yungay, donde se reforzaba la prevenci\u00f3n y cuidado de nuestra salud. La ceremonia de inauguraci\u00f3n estuvo liderada por el alcalde Pedro Inostroza, qui\u00e9n en compa\u00f1\u00eda de autoridades e invitados recorrieron los diferentes Stand, adem\u00e1s mencionar que se cont\u00f3 con la participaci\u00f3n de alumnos de la Escuela Nueva Esperanza, quienes realizaron presentaciones de baile y coro. Tambi\u00e9n en la ocasi\u00f3n se hizo entrega de certificados a alumnos de la Escuela Fernando Baquedano y Liceo Campanario como promotores de la salud. Finalmente los asistentes y los transe\u00fantes pudieron conocer la importancia de aspectos tanto en salud mental, dental, preventivos, toma de presi\u00f3n y consejos para poder llevar una mejor calidad de vida.<\/span><\/p>\n<p><a href=\"https:\/\/www.facebook.com\/media\/set\/?set=a.752670134748028.1073742022.159561284058919&amp;type=3&amp;uploaded=92\"><span style=\"font-size: small; font-family: arial,helvetica,sans-serif;\">Fotograf\u00edas<\/span><\/a><\/p>\n","protected":false},"excerpt":{"rendered":"<p>Yungay, jueves 28 de noviembre en la Plaza Iquique de nuestra comuna se llevo a cabo una \u201cJornada de Promoci\u00f3n a la Salud\u201d con distintos stand saludables de la Red Programa Promoci\u00f3n de Salud&#46;&#46;&#46;<\/p>\n","protected":false},"author":2,"featured_media":16412,"comment_status":"open","ping_status":"open","sticky":false,"template":"","format":"standard","meta":{"footnotes":""},"categories":[1],"tags":[1115,65,8,6],"class_list":["post-10298","post","type-post","status-publish","format-standard","has-post-thumbnail","hentry","category-noticias","tag-noticias","tag-salud","tag-yungay","tag-yungayino"],"_links":{"self":[{"href":"https:\/\/www.yungayino.cl\/noticias\/index.php?rest_route=\/wp\/v2\/posts\/10298","targetHints":{"allow":["GET"]}}],"collection":[{"href":"https:\/\/www.yungayino.cl\/noticias\/index.php?rest_route=\/wp\/v2\/posts"}],"about":[{"href":"https:\/\/www.yungayino.cl\/noticias\/index.php?rest_route=\/wp\/v2\/types\/post"}],"author":[{"embeddable":true,"href":"https:\/\/www.yungayino.cl\/noticias\/index.php?rest_route=\/wp\/v2\/users\/2"}],"replies":[{"embeddable":true,"href":"https:\/\/www.yungayino.cl\/noticias\/index.php?rest_route=%2Fwp%2Fv2%2Fcomments&post=10298"}],"version-history":[{"count":3,"href":"https:\/\/www.yungayino.cl\/noticias\/index.php?rest_route=\/wp\/v2\/posts\/10298\/revisions"}],"predecessor-version":[{"id":10301,"href":"https:\/\/www.yungayino.cl\/noticias\/index.php?rest_route=\/wp\/v2\/posts\/10298\/revisions\/10301"}],"wp:featuredmedia":[{"embeddable":true,"href":"https:\/\/www.yungayino.cl\/noticias\/index.php?rest_route=\/wp\/v2\/media\/16412"}],"wp:attachment":[{"href":"https:\/\/www.yungayino.cl\/noticias\/index.php?rest_route=%2Fwp%2Fv2%2Fmedia&parent=10298"}],"wp:term":[{"taxonomy":"category","embeddable":true,"href":"https:\/\/www.yungayino.cl\/noticias\/index.php?rest_route=%2Fwp%2Fv2%2Fcategories&post=10298"},{"taxonomy":"post_tag","embeddable":true,"href":"https:\/\/www.yungayino.cl\/noticias\/index.php?rest_route=%2Fwp%2Fv2%2Ftags&post=10298"}],"curies":[{"name":"wp","href":"https:\/\/api.w.org\/{rel}","templated":true}]}}