{"id":10310,"date":"2013-12-01T21:00:29","date_gmt":"2013-12-02T01:00:29","guid":{"rendered":"http:\/\/www.yungayino.cl\/noticias\/?p=10310"},"modified":"2013-12-01T21:49:57","modified_gmt":"2013-12-02T01:49:57","slug":"en-yungay-se-realizo-muestra-comunal-de-talleres","status":"publish","type":"post","link":"https:\/\/www.yungayino.cl\/noticias\/?p=10310","title":{"rendered":"En Yungay se Realiz\u00f3 Muestra Comunal de Talleres"},"content":{"rendered":"<p><img loading=\"lazy\" decoding=\"async\" alt=\"YUNGAYINO.CL - El Portal de Yungay\" src=\"http:\/\/www.yungayino.cl\/imagenes\/aylenyungay.jpg\" width=\"500\" height=\"200\" \/><\/p>\n<p><span style=\"font-size: small; font-family: arial,helvetica,sans-serif;\">Yungay, en la Plaza Iquique de nuestra comuna se realizo el viernes 29 de noviembre una \u201cMuestra Comunal de Talleres\u201d de manualidades, artesan\u00edas, tejidos, costuras y deportes, a trav\u00e9s del Departamento de Desarrollo Comunitario, los cuales se ejecutaron durante el a\u00f1o 2013 en diferentes sectores de Yungay mediante el Programa <b>\u201cAutonom\u00eda Econ\u00f3mica de la Mujer\u201d<\/b>.<b> <\/b>Durante la muestra se realizo una presentaci\u00f3n art\u00edstica ejecutada por adultos mayores denominada \u201cCautivando el Folclor con los Adultos Mayores\u201d donde bailaron cuecas, vals y polca, entre otras. Tambi\u00e9n mencionar que hubo espacio para el deporte gracias al Programa <b>\u201cMonitoras a Programas Deportivos\u201d, <\/b>donde se cont\u00f3 con la participaci\u00f3n del Team del Instituto Nacional de Capacitaci\u00f3n Profesional, INACAP. Finalmente mencionar que la actividad fue presidida por Marcia Ortiz, Jefa de DIDECO y el Concejal Juan Quezada.<\/span><\/p>\n<p><a href=\"https:\/\/www.facebook.com\/media\/set\/?set=a.754298161251892.1073742024.159561284058919&amp;type=3&amp;uploaded=109\"><span style=\"font-size: small; font-family: arial,helvetica,sans-serif;\">Fotograf\u00edas<\/span><\/a><\/p>\n","protected":false},"excerpt":{"rendered":"<p>Yungay, en la Plaza Iquique de nuestra comuna se realizo el viernes 29 de noviembre una \u201cMuestra Comunal de Talleres\u201d de manualidades, artesan\u00edas, tejidos, costuras y deportes, a trav\u00e9s del Departamento de Desarrollo Comunitario,&#46;&#46;&#46;<\/p>\n","protected":false},"author":2,"featured_media":16415,"comment_status":"open","ping_status":"open","sticky":false,"template":"","format":"standard","meta":{"footnotes":""},"categories":[1],"tags":[1115,8,6],"class_list":["post-10310","post","type-post","status-publish","format-standard","has-post-thumbnail","hentry","category-noticias","tag-noticias","tag-yungay","tag-yungayino"],"_links":{"self":[{"href":"https:\/\/www.yungayino.cl\/noticias\/index.php?rest_route=\/wp\/v2\/posts\/10310","targetHints":{"allow":["GET"]}}],"collection":[{"href":"https:\/\/www.yungayino.cl\/noticias\/index.php?rest_route=\/wp\/v2\/posts"}],"about":[{"href":"https:\/\/www.yungayino.cl\/noticias\/index.php?rest_route=\/wp\/v2\/types\/post"}],"author":[{"embeddable":true,"href":"https:\/\/www.yungayino.cl\/noticias\/index.php?rest_route=\/wp\/v2\/users\/2"}],"replies":[{"embeddable":true,"href":"https:\/\/www.yungayino.cl\/noticias\/index.php?rest_route=%2Fwp%2Fv2%2Fcomments&post=10310"}],"version-history":[{"count":3,"href":"https:\/\/www.yungayino.cl\/noticias\/index.php?rest_route=\/wp\/v2\/posts\/10310\/revisions"}],"predecessor-version":[{"id":10313,"href":"https:\/\/www.yungayino.cl\/noticias\/index.php?rest_route=\/wp\/v2\/posts\/10310\/revisions\/10313"}],"wp:featuredmedia":[{"embeddable":true,"href":"https:\/\/www.yungayino.cl\/noticias\/index.php?rest_route=\/wp\/v2\/media\/16415"}],"wp:attachment":[{"href":"https:\/\/www.yungayino.cl\/noticias\/index.php?rest_route=%2Fwp%2Fv2%2Fmedia&parent=10310"}],"wp:term":[{"taxonomy":"category","embeddable":true,"href":"https:\/\/www.yungayino.cl\/noticias\/index.php?rest_route=%2Fwp%2Fv2%2Fcategories&post=10310"},{"taxonomy":"post_tag","embeddable":true,"href":"https:\/\/www.yungayino.cl\/noticias\/index.php?rest_route=%2Fwp%2Fv2%2Ftags&post=10310"}],"curies":[{"name":"wp","href":"https:\/\/api.w.org\/{rel}","templated":true}]}}