{"id":10327,"date":"2013-12-04T15:00:17","date_gmt":"2013-12-04T19:00:17","guid":{"rendered":"http:\/\/www.yungayino.cl\/noticias\/?p=10327"},"modified":"2013-12-04T20:03:35","modified_gmt":"2013-12-05T00:03:35","slug":"dos-ninos-yungayinos-viajaron-a-santiago-a-probarse-en-club-colo-colo","status":"publish","type":"post","link":"https:\/\/www.yungayino.cl\/noticias\/?p=10327","title":{"rendered":"Dos Ni\u00f1os Yungayinos Viajaron a Santiago a Probarse en Club Colo-Colo"},"content":{"rendered":"<p><img loading=\"lazy\" decoding=\"async\" alt=\"YUNGAYINO.CL - El Portal de Yungay\" src=\"http:\/\/www.yungayino.cl\/imagenes\/colocolo201312.jpg\" width=\"500\" height=\"200\" \/><\/p>\n<p><span style=\"font-size: small; font-family: arial,helvetica,sans-serif;\">Yungay, los ni\u00f1os Jonathan Alejandro Valdebenito Henr\u00edquez y Piero Alessandro Reynero \u00c1vila, ambos ni\u00f1os de 12 a\u00f1os viajaron a Santiago, y a \u00a0partir de hoy mi\u00e9rcoles 04 hasta el viernes 6 de diciembre estar\u00e1n a prueba en la Escuela Principal del Monumental, as\u00ed lo se\u00f1alo al Portal Yungayino.cl, Carlos Olivares Director T\u00e9cnico y Preparador F\u00edsico de la Escuela de F\u00fatbol de Colo-Colo de Yungay, qui\u00e9n adem\u00e1s destaco el apoyo dado por el alcalde Pedro Inostroza y el municipio para el viaje de los dos deportistas yungayinos seleccionados de nuestra escuela. Por su parte el alcalde Pedro Inostroza se hab\u00eda reunido el lunes pasado con los j\u00f3venes y le dio el apoyo para el viaje y se\u00f1alo que \u201cpara nuestro municipio es una gran satisfacci\u00f3n que estos j\u00f3venes puedan viajar y representar la comuna\u201d. Finalmente La escuela de F\u00fatbol de Colo-Colo de Yungay surgi\u00f3 con el fin de dar tribuna a muchos j\u00f3venes que practican esta disciplina y puedan pulir sus habilidades.<\/span><\/p>\n<p><a href=\"https:\/\/www.facebook.com\/media\/set\/?set=a.755853244429717.1073742027.159561284058919&amp;type=3&amp;uploaded=9\"><span style=\"font-size: small; font-family: arial,helvetica,sans-serif;\">\u00a0Fotograf\u00edas<\/span><\/a><\/p>\n","protected":false},"excerpt":{"rendered":"<p>Yungay, los ni\u00f1os Jonathan Alejandro Valdebenito Henr\u00edquez y Piero Alessandro Reynero \u00c1vila, ambos ni\u00f1os de 12 a\u00f1os viajaron a Santiago, y a \u00a0partir de hoy mi\u00e9rcoles 04 hasta el viernes 6 de diciembre estar\u00e1n&#46;&#46;&#46;<\/p>\n","protected":false},"author":2,"featured_media":16418,"comment_status":"open","ping_status":"open","sticky":false,"template":"","format":"standard","meta":{"footnotes":""},"categories":[17,1],"tags":[692,379,1115,8,6],"class_list":["post-10327","post","type-post","status-publish","format-standard","has-post-thumbnail","hentry","category-deporte","category-noticias","tag-colo-colo","tag-deportes","tag-noticias","tag-yungay","tag-yungayino"],"_links":{"self":[{"href":"https:\/\/www.yungayino.cl\/noticias\/index.php?rest_route=\/wp\/v2\/posts\/10327","targetHints":{"allow":["GET"]}}],"collection":[{"href":"https:\/\/www.yungayino.cl\/noticias\/index.php?rest_route=\/wp\/v2\/posts"}],"about":[{"href":"https:\/\/www.yungayino.cl\/noticias\/index.php?rest_route=\/wp\/v2\/types\/post"}],"author":[{"embeddable":true,"href":"https:\/\/www.yungayino.cl\/noticias\/index.php?rest_route=\/wp\/v2\/users\/2"}],"replies":[{"embeddable":true,"href":"https:\/\/www.yungayino.cl\/noticias\/index.php?rest_route=%2Fwp%2Fv2%2Fcomments&post=10327"}],"version-history":[{"count":2,"href":"https:\/\/www.yungayino.cl\/noticias\/index.php?rest_route=\/wp\/v2\/posts\/10327\/revisions"}],"predecessor-version":[{"id":10329,"href":"https:\/\/www.yungayino.cl\/noticias\/index.php?rest_route=\/wp\/v2\/posts\/10327\/revisions\/10329"}],"wp:featuredmedia":[{"embeddable":true,"href":"https:\/\/www.yungayino.cl\/noticias\/index.php?rest_route=\/wp\/v2\/media\/16418"}],"wp:attachment":[{"href":"https:\/\/www.yungayino.cl\/noticias\/index.php?rest_route=%2Fwp%2Fv2%2Fmedia&parent=10327"}],"wp:term":[{"taxonomy":"category","embeddable":true,"href":"https:\/\/www.yungayino.cl\/noticias\/index.php?rest_route=%2Fwp%2Fv2%2Fcategories&post=10327"},{"taxonomy":"post_tag","embeddable":true,"href":"https:\/\/www.yungayino.cl\/noticias\/index.php?rest_route=%2Fwp%2Fv2%2Ftags&post=10327"}],"curies":[{"name":"wp","href":"https:\/\/api.w.org\/{rel}","templated":true}]}}