{"id":10366,"date":"2013-12-13T10:00:15","date_gmt":"2013-12-13T14:00:15","guid":{"rendered":"http:\/\/www.yungayino.cl\/noticias\/?p=10366"},"modified":"2013-12-13T12:54:47","modified_gmt":"2013-12-13T16:54:47","slug":"ceremonia-5-aniversario-portal-yungayino-cl-y-premiacion-primer-concurso-de-fotografia-imagenes-de-yungay-con-historia","status":"publish","type":"post","link":"https:\/\/www.yungayino.cl\/noticias\/?p=10366","title":{"rendered":"Ceremonia 5\u00b0 Aniversario Portal Yungayino.cl y Premiaci\u00f3n Primer Concurso de Fotograf\u00eda \u201cIm\u00e1genes de Yungay con Historia\u201d"},"content":{"rendered":"<p><img loading=\"lazy\" decoding=\"async\" alt=\"YUNGAYINO.CL - El Portal de Yungay\" src=\"http:\/\/www.yungayino.cl\/imagenes\/premiacionconcursofotografico.jpg\" width=\"500\" height=\"200\" \/><\/p>\n<p><span style=\"font-size: small; font-family: arial,helvetica,sans-serif;\">Yungay, el\u00a0 jueves 12 de diciembre 2013, en el auditorio de la Biblioteca P\u00fablica se realizo la Ceremonia del 5\u00b0 Aniversario Portal Yungayino.cl\u00a0 y Premiaci\u00f3n del Primer Concurso de Fotograf\u00eda \u201cIm\u00e1genes de Yungay con Historia\u201d .Tres premios y tres menciones honrosas fue la determinaci\u00f3n del jurado compuesto por el Mayor de Carabineros, Sr. Darwin Illanes, el Profesor de Historia y Geograf\u00eda, Sr. Mario Salinas y El Director del Portal Lajino.cl y Angelino.cl, Sr. Carlos Mora, quienes seleccionaron entre las casi 100 fotograf\u00edas que llegaron. Durante la ceremonia mencionar que se presento la alumna del Liceo A-17, Damaris Gutierrez qui\u00e9n realizo un n\u00famero art\u00edstico musical con la interpretaci\u00f3n de 2 temas. Por su parte el ganador del primer lugar con la fotograf\u00eda\u00a0 \u201cSalto del Itata\u201d Jos\u00e9 Francisco Garc\u00e9s, qui\u00e9n manifest\u00f3 al Portal Yungayino.cl su alegr\u00eda por el premio obtenido y expreso que ojala se siga realizando este concurso en el futuro, que permite mostrar los potenciales tur\u00edsticos de la comuna de Yungay como es el Salto del Itata, lugar que ha visitado en reiteradse veces y que espera que en el futuro se siga mostrando m\u00e1s que en solo la regi\u00f3n por la hermosura que tiene y entorno natural. Por su parte el Equipo del Portal Yungayino.cl agradece a todos quienes nos apoyaron en la realizaci\u00f3n del Primer Concurso de Fotograf\u00eda \u201cIm\u00e1genes de Yungay con Historia\u201d y env\u00eda un saludo a todos quienes nos visitan diariamente en nuestros cinco a\u00f1os de vida.<\/span><\/p>\n<p><span style=\"font-size: small; font-family: arial,helvetica,sans-serif;\">Finalmente terminada la ceremonia de premiaci\u00f3n los ganadores e invitados compartieron un coctel para festejar.<\/span><\/p>\n<p><span style=\"font-size: small; font-family: arial,helvetica,sans-serif;\">\u00a0<span style=\"text-decoration: underline;\"><strong>Ganadores Primer Concurso de Fotograf\u00eda \u201cIm\u00e1genes de Yungay con Historia\u201d<\/strong><\/span><\/span><\/p>\n<p><span style=\"font-size: small; font-family: arial,helvetica,sans-serif;\">1\u00b0 Lugar Jos\u00e9 Garc\u00e9s\u00a0\u00a0 ($100.000 + C\u00e1mara Fotogr\u00e1fica + Diploma)<\/span><\/p>\n<p><span style=\"font-size: small; font-family: arial,helvetica,sans-serif;\">2\u00b0 Lugar Rodrigo Fern\u00e1ndez \u00a0 ($50.000 + Tr\u00edpode + Diploma)<\/span><\/p>\n<p><span style=\"font-size: small; font-family: arial,helvetica,sans-serif;\">3\u00b0 Lugar Felipe Quezada \u00a0 ($30.000 + Bolso C\u00e1mara + Diploma)<\/span><\/p>\n<p><span style=\"font-size: small; font-family: arial,helvetica,sans-serif;\">Menci\u00f3n Honrosa, Natalia Valeria\u00a0 ($10.000 + Pendrive 8 Gb +Diploma)<\/span><\/p>\n<p><span style=\"font-size: small; font-family: arial,helvetica,sans-serif;\">Menci\u00f3n Honrosa, Ruby Zapata\u00a0 ($10.000 + Pendrive 8 Gb +Diploma)<\/span><\/p>\n<p><span style=\"font-size: small; font-family: arial,helvetica,sans-serif;\">Menci\u00f3n Honrosa, Alejandra Flores\u00a0 ($10.000 + Pendrive 8 Gb +Diploma)<\/span><\/p>\n<p><a href=\"https:\/\/www.facebook.com\/media\/set\/?set=a.762348593780182.1073742036.159561284058919&amp;type=3&amp;uploaded=77\"><span style=\"font-size: small; font-family: arial,helvetica,sans-serif;\">Fotograf\u00edas<\/span><\/a><\/p>\n","protected":false},"excerpt":{"rendered":"<p>Yungay, el\u00a0 jueves 12 de diciembre 2013, en el auditorio de la Biblioteca P\u00fablica se realizo la Ceremonia del 5\u00b0 Aniversario Portal Yungayino.cl\u00a0 y Premiaci\u00f3n del Primer Concurso de Fotograf\u00eda \u201cIm\u00e1genes de Yungay con&#46;&#46;&#46;<\/p>\n","protected":false},"author":2,"featured_media":16428,"comment_status":"open","ping_status":"open","sticky":false,"template":"","format":"standard","meta":{"footnotes":""},"categories":[3,5,14,1,15],"tags":[298,792,1115,821,8,6],"class_list":["post-10366","post","type-post","status-publish","format-standard","has-post-thumbnail","hentry","category-actualidad","category-eventos","category-historia","category-noticias","category-turismo","tag-aniversario","tag-concurso-fotografico","tag-noticias","tag-quinto-aniversario","tag-yungay","tag-yungayino"],"_links":{"self":[{"href":"https:\/\/www.yungayino.cl\/noticias\/index.php?rest_route=\/wp\/v2\/posts\/10366","targetHints":{"allow":["GET"]}}],"collection":[{"href":"https:\/\/www.yungayino.cl\/noticias\/index.php?rest_route=\/wp\/v2\/posts"}],"about":[{"href":"https:\/\/www.yungayino.cl\/noticias\/index.php?rest_route=\/wp\/v2\/types\/post"}],"author":[{"embeddable":true,"href":"https:\/\/www.yungayino.cl\/noticias\/index.php?rest_route=\/wp\/v2\/users\/2"}],"replies":[{"embeddable":true,"href":"https:\/\/www.yungayino.cl\/noticias\/index.php?rest_route=%2Fwp%2Fv2%2Fcomments&post=10366"}],"version-history":[{"count":5,"href":"https:\/\/www.yungayino.cl\/noticias\/index.php?rest_route=\/wp\/v2\/posts\/10366\/revisions"}],"predecessor-version":[{"id":10371,"href":"https:\/\/www.yungayino.cl\/noticias\/index.php?rest_route=\/wp\/v2\/posts\/10366\/revisions\/10371"}],"wp:featuredmedia":[{"embeddable":true,"href":"https:\/\/www.yungayino.cl\/noticias\/index.php?rest_route=\/wp\/v2\/media\/16428"}],"wp:attachment":[{"href":"https:\/\/www.yungayino.cl\/noticias\/index.php?rest_route=%2Fwp%2Fv2%2Fmedia&parent=10366"}],"wp:term":[{"taxonomy":"category","embeddable":true,"href":"https:\/\/www.yungayino.cl\/noticias\/index.php?rest_route=%2Fwp%2Fv2%2Fcategories&post=10366"},{"taxonomy":"post_tag","embeddable":true,"href":"https:\/\/www.yungayino.cl\/noticias\/index.php?rest_route=%2Fwp%2Fv2%2Ftags&post=10366"}],"curies":[{"name":"wp","href":"https:\/\/api.w.org\/{rel}","templated":true}]}}