{"id":10372,"date":"2013-12-15T22:00:41","date_gmt":"2013-12-16T02:00:41","guid":{"rendered":"http:\/\/www.yungayino.cl\/noticias\/?p=10372"},"modified":"2013-12-16T22:44:32","modified_gmt":"2013-12-17T02:44:32","slug":"en-yungay-se-celebro-dia-internacional-de-la-discapacidad-2","status":"publish","type":"post","link":"https:\/\/www.yungayino.cl\/noticias\/?p=10372","title":{"rendered":"En Yungay se Celebr\u00f3 \u201cD\u00eda Internacional de la Discapacidad\u201d"},"content":{"rendered":"<p><img loading=\"lazy\" decoding=\"async\" alt=\"YUNGAYINO.CL - El Portal de Yungay\" src=\"http:\/\/www.yungayino.cl\/imagenes\/diadiscapacidad2013.jpg\" width=\"500\" height=\"200\" \/><\/p>\n<p><span style=\"font-size: small; font-family: arial,helvetica,sans-serif;\">Yungay, en el Auditorio de la Biblioteca Municipal se realiz\u00f3 el acto con motivo de la celebraci\u00f3n del \u201cD\u00eda Internacional de la Discapacidad\u201d, el pasado jueves 12 de diciembre. La actividad estuvo organizada por el Departamento de Educaci\u00f3n y fue encabezada por su Directora Sra. Eugenia L\u00f3pez, autoridades e invitados especiales, quienes iniciaron el acto entonando la canci\u00f3n nacional. En la ocasi\u00f3n se hizo entrega de diplomas de reconocimiento a los alumnos del Programa de Integraci\u00f3n Escolar (PIE) que egresan de 8\u00b0 b\u00e1sico y 4\u00b0 Medio. Cabe recordar que en nuestra comuna los establecimientos de la Escuela Fernando Baquedano, Escuela El Roble, Escuela Los Mayos, Escuela Ranchillos, Escuela San Miguel de Itata, Liceo T\u00e9cnico de Campanario y Liceo A-17 de Yungay tienen alumnos con discapacidad y est\u00e1n integrados mediante el Programa PIE. Finalmente los presentes compartieron un coctel, el cu\u00e1l fue realizado por los propios alumnos de los talleres laborales del Liceo T\u00e9cnico de Campanario y Liceo A-17 de Yungay.<\/span><\/p>\n<p><span style=\"font-size: small; font-family: arial,helvetica,sans-serif;\"><a href=\"https:\/\/www.facebook.com\/media\/set\/?set=a.764388496909525.1073742037.159561284058919&amp;type=3&amp;uploaded=41\">Fotograf\u00edas<\/a><\/span><\/p>\n","protected":false},"excerpt":{"rendered":"<p>Yungay, en el Auditorio de la Biblioteca Municipal se realiz\u00f3 el acto con motivo de la celebraci\u00f3n del \u201cD\u00eda Internacional de la Discapacidad\u201d, el pasado jueves 12 de diciembre. La actividad estuvo organizada por&#46;&#46;&#46;<\/p>\n","protected":false},"author":2,"featured_media":16429,"comment_status":"open","ping_status":"open","sticky":false,"template":"","format":"standard","meta":{"footnotes":""},"categories":[1],"tags":[292,8,66],"class_list":["post-10372","post","type-post","status-publish","format-standard","has-post-thumbnail","hentry","category-noticias","tag-dia-discapacidad","tag-yungay","tag-yungayino-noticias"],"_links":{"self":[{"href":"https:\/\/www.yungayino.cl\/noticias\/index.php?rest_route=\/wp\/v2\/posts\/10372","targetHints":{"allow":["GET"]}}],"collection":[{"href":"https:\/\/www.yungayino.cl\/noticias\/index.php?rest_route=\/wp\/v2\/posts"}],"about":[{"href":"https:\/\/www.yungayino.cl\/noticias\/index.php?rest_route=\/wp\/v2\/types\/post"}],"author":[{"embeddable":true,"href":"https:\/\/www.yungayino.cl\/noticias\/index.php?rest_route=\/wp\/v2\/users\/2"}],"replies":[{"embeddable":true,"href":"https:\/\/www.yungayino.cl\/noticias\/index.php?rest_route=%2Fwp%2Fv2%2Fcomments&post=10372"}],"version-history":[{"count":3,"href":"https:\/\/www.yungayino.cl\/noticias\/index.php?rest_route=\/wp\/v2\/posts\/10372\/revisions"}],"predecessor-version":[{"id":10375,"href":"https:\/\/www.yungayino.cl\/noticias\/index.php?rest_route=\/wp\/v2\/posts\/10372\/revisions\/10375"}],"wp:featuredmedia":[{"embeddable":true,"href":"https:\/\/www.yungayino.cl\/noticias\/index.php?rest_route=\/wp\/v2\/media\/16429"}],"wp:attachment":[{"href":"https:\/\/www.yungayino.cl\/noticias\/index.php?rest_route=%2Fwp%2Fv2%2Fmedia&parent=10372"}],"wp:term":[{"taxonomy":"category","embeddable":true,"href":"https:\/\/www.yungayino.cl\/noticias\/index.php?rest_route=%2Fwp%2Fv2%2Fcategories&post=10372"},{"taxonomy":"post_tag","embeddable":true,"href":"https:\/\/www.yungayino.cl\/noticias\/index.php?rest_route=%2Fwp%2Fv2%2Ftags&post=10372"}],"curies":[{"name":"wp","href":"https:\/\/api.w.org\/{rel}","templated":true}]}}