{"id":10376,"date":"2013-12-17T13:00:27","date_gmt":"2013-12-17T17:00:27","guid":{"rendered":"http:\/\/www.yungayino.cl\/noticias\/?p=10376"},"modified":"2013-12-17T14:41:47","modified_gmt":"2013-12-17T18:41:47","slug":"premiacion-extraescolar-del-colegio-cholguan","status":"publish","type":"post","link":"https:\/\/www.yungayino.cl\/noticias\/?p=10376","title":{"rendered":"Premiaci\u00f3n Extraescolar del Colegio Cholgu\u00e1n"},"content":{"rendered":"<p><img loading=\"lazy\" decoding=\"async\" alt=\"YUNGAYINO.CL - El Portal de Yungay\" src=\"http:\/\/www.yungayino.cl\/imagenes\/academiamusica2013.jpg\" width=\"500\" height=\"200\" \/><\/p>\n<p><span style=\"font-size: small; font-family: arial,helvetica,sans-serif;\">Cholgu\u00e1n, lunes 16 de diciembre 2013 en el nuevo Sal\u00f3n Multiuso se llevo a cabo como es tradicional\u00a0la Ceremonia de Premiaci\u00f3n Extraescolar del Colegio Cholgu\u00e1n. La Actividad estuvo liderada por su Directora Cesia Leiva Troncoso, junto a los profesores, apoderados y alumnos. La premiaci\u00f3n contempl\u00f3 la entrega de diplomas de reconocimientos a todos los alumnos que se destacaron y participaron durante el a\u00f1o escolar 2013 en las distintas disciplinas de actividades extraescolares. Tambi\u00e9n en la ocasi\u00f3n los ni\u00f1os de kinder se presentaron con una coreograf\u00eda musical y disfraces, por su parte la academia de Danza, realizo una presentaci\u00f3n con coreograf\u00eda de la cumbia colombiana y nuestro baile nacional de la cueca se hizo presente con su respectiva academia, al igual que el de m\u00fasica instrumental. Finalmente cabe destacar la colaboraci\u00f3n de los apoderados en la preparaci\u00f3n de las vestimentas apropiadas para cada baile y de esta manera dar mayor realce a esta actividad.<\/span><\/p>\n<p><a href=\"https:\/\/www.facebook.com\/media\/set\/?set=a.764730183542023.1073742038.159561284058919&amp;type=3&amp;uploaded=118\"><span style=\"font-size: small; font-family: arial,helvetica,sans-serif;\">fotograf\u00edas<\/span><\/a><\/p>\n","protected":false},"excerpt":{"rendered":"<p>Cholgu\u00e1n, lunes 16 de diciembre 2013 en el nuevo Sal\u00f3n Multiuso se llevo a cabo como es tradicional\u00a0la Ceremonia de Premiaci\u00f3n Extraescolar del Colegio Cholgu\u00e1n. La Actividad estuvo liderada por su Directora Cesia Leiva&#46;&#46;&#46;<\/p>\n","protected":false},"author":2,"featured_media":16430,"comment_status":"open","ping_status":"open","sticky":false,"template":"","format":"standard","meta":{"footnotes":""},"categories":[1],"tags":[87,1115,8,6],"class_list":["post-10376","post","type-post","status-publish","format-standard","has-post-thumbnail","hentry","category-noticias","tag-colegio-cholguan","tag-noticias","tag-yungay","tag-yungayino"],"_links":{"self":[{"href":"https:\/\/www.yungayino.cl\/noticias\/index.php?rest_route=\/wp\/v2\/posts\/10376","targetHints":{"allow":["GET"]}}],"collection":[{"href":"https:\/\/www.yungayino.cl\/noticias\/index.php?rest_route=\/wp\/v2\/posts"}],"about":[{"href":"https:\/\/www.yungayino.cl\/noticias\/index.php?rest_route=\/wp\/v2\/types\/post"}],"author":[{"embeddable":true,"href":"https:\/\/www.yungayino.cl\/noticias\/index.php?rest_route=\/wp\/v2\/users\/2"}],"replies":[{"embeddable":true,"href":"https:\/\/www.yungayino.cl\/noticias\/index.php?rest_route=%2Fwp%2Fv2%2Fcomments&post=10376"}],"version-history":[{"count":3,"href":"https:\/\/www.yungayino.cl\/noticias\/index.php?rest_route=\/wp\/v2\/posts\/10376\/revisions"}],"predecessor-version":[{"id":10379,"href":"https:\/\/www.yungayino.cl\/noticias\/index.php?rest_route=\/wp\/v2\/posts\/10376\/revisions\/10379"}],"wp:featuredmedia":[{"embeddable":true,"href":"https:\/\/www.yungayino.cl\/noticias\/index.php?rest_route=\/wp\/v2\/media\/16430"}],"wp:attachment":[{"href":"https:\/\/www.yungayino.cl\/noticias\/index.php?rest_route=%2Fwp%2Fv2%2Fmedia&parent=10376"}],"wp:term":[{"taxonomy":"category","embeddable":true,"href":"https:\/\/www.yungayino.cl\/noticias\/index.php?rest_route=%2Fwp%2Fv2%2Fcategories&post=10376"},{"taxonomy":"post_tag","embeddable":true,"href":"https:\/\/www.yungayino.cl\/noticias\/index.php?rest_route=%2Fwp%2Fv2%2Ftags&post=10376"}],"curies":[{"name":"wp","href":"https:\/\/api.w.org\/{rel}","templated":true}]}}