{"id":10403,"date":"2013-12-25T23:00:16","date_gmt":"2013-12-26T03:00:16","guid":{"rendered":"http:\/\/www.yungayino.cl\/noticias\/?p=10403"},"modified":"2013-12-26T22:36:43","modified_gmt":"2013-12-27T02:36:43","slug":"agrupacion-folclorica-cantares-de-yungay-canto-villancicos","status":"publish","type":"post","link":"https:\/\/www.yungayino.cl\/noticias\/?p=10403","title":{"rendered":"Agrupaci\u00f3n Folcl\u00f3rica Cantares de Yungay Cant\u00f3 Villancicos"},"content":{"rendered":"<p><img loading=\"lazy\" decoding=\"async\" alt=\"YUNGAYINO.CL - El Portal de Yungay\" src=\"http:\/\/www.yungayino.cl\/imagenes\/cantaresvillancicos201312.jpg\" width=\"500\" height=\"200\" \/><\/p>\n<p><span style=\"font-size: small; font-family: arial,helvetica,sans-serif;\">Yungay, la Agrupaci\u00f3n Folcl\u00f3rica\u00a0\u201cCantares de Yungay\u201d realizo una emotiva presentaci\u00f3n en la Parroquia San Miguel cantando villancicos, con motivo de una nueva Fiesta de Navidad. Los asistentes disfrutaron de la bonita presentaci\u00f3n, la que fue presidida tambi\u00e9n por el Sacerdote Nelson Jara, qui\u00e9n felicit\u00f3 a la agrupaci\u00f3n por el lindo trabajo realizado. Finalmente se\u00f1alar que esta actividaqd se ha hecho posible gracias al proyecto de Subvenci\u00f3n Cultural FNDR-2013 del Gobierno Regional Regi\u00f3n del Bio-Bio y donde la semana pasada tambi\u00e9n se present\u00f3 en la Villa Trilaleo de nuestra comuna.<\/span><\/p>\n<p><a href=\"https:\/\/www.facebook.com\/media\/set\/?set=a.769905303024511.1073742045.159561284058919&amp;type=1\"><span style=\"font-size: small; font-family: arial,helvetica,sans-serif;\">Fotograf\u00edas<\/span><\/a><\/p>\n","protected":false},"excerpt":{"rendered":"<p>Yungay, la Agrupaci\u00f3n Folcl\u00f3rica\u00a0\u201cCantares de Yungay\u201d realizo una emotiva presentaci\u00f3n en la Parroquia San Miguel cantando villancicos, con motivo de una nueva Fiesta de Navidad. Los asistentes disfrutaron de la bonita presentaci\u00f3n, la que&#46;&#46;&#46;<\/p>\n","protected":false},"author":2,"featured_media":16438,"comment_status":"open","ping_status":"open","sticky":false,"template":"","format":"standard","meta":{"footnotes":""},"categories":[1],"tags":[335,1115,8,6],"class_list":["post-10403","post","type-post","status-publish","format-standard","has-post-thumbnail","hentry","category-noticias","tag-cantares","tag-noticias","tag-yungay","tag-yungayino"],"_links":{"self":[{"href":"https:\/\/www.yungayino.cl\/noticias\/index.php?rest_route=\/wp\/v2\/posts\/10403","targetHints":{"allow":["GET"]}}],"collection":[{"href":"https:\/\/www.yungayino.cl\/noticias\/index.php?rest_route=\/wp\/v2\/posts"}],"about":[{"href":"https:\/\/www.yungayino.cl\/noticias\/index.php?rest_route=\/wp\/v2\/types\/post"}],"author":[{"embeddable":true,"href":"https:\/\/www.yungayino.cl\/noticias\/index.php?rest_route=\/wp\/v2\/users\/2"}],"replies":[{"embeddable":true,"href":"https:\/\/www.yungayino.cl\/noticias\/index.php?rest_route=%2Fwp%2Fv2%2Fcomments&post=10403"}],"version-history":[{"count":3,"href":"https:\/\/www.yungayino.cl\/noticias\/index.php?rest_route=\/wp\/v2\/posts\/10403\/revisions"}],"predecessor-version":[{"id":10413,"href":"https:\/\/www.yungayino.cl\/noticias\/index.php?rest_route=\/wp\/v2\/posts\/10403\/revisions\/10413"}],"wp:featuredmedia":[{"embeddable":true,"href":"https:\/\/www.yungayino.cl\/noticias\/index.php?rest_route=\/wp\/v2\/media\/16438"}],"wp:attachment":[{"href":"https:\/\/www.yungayino.cl\/noticias\/index.php?rest_route=%2Fwp%2Fv2%2Fmedia&parent=10403"}],"wp:term":[{"taxonomy":"category","embeddable":true,"href":"https:\/\/www.yungayino.cl\/noticias\/index.php?rest_route=%2Fwp%2Fv2%2Fcategories&post=10403"},{"taxonomy":"post_tag","embeddable":true,"href":"https:\/\/www.yungayino.cl\/noticias\/index.php?rest_route=%2Fwp%2Fv2%2Ftags&post=10403"}],"curies":[{"name":"wp","href":"https:\/\/api.w.org\/{rel}","templated":true}]}}