{"id":10426,"date":"2014-01-03T08:00:31","date_gmt":"2014-01-03T12:00:31","guid":{"rendered":"http:\/\/www.yungayino.cl\/noticias\/?p=10426"},"modified":"2014-01-03T09:29:38","modified_gmt":"2014-01-03T13:29:38","slug":"municipio-de-yungay-construye-tres-nuevas-plazas-activas","status":"publish","type":"post","link":"https:\/\/www.yungayino.cl\/noticias\/?p=10426","title":{"rendered":"Municipio de Yungay Construye Tres Nuevas Plazas Activas"},"content":{"rendered":"<p><img loading=\"lazy\" decoding=\"async\" alt=\"YUNGAYINO.CL - El Portal de Yungay\" src=\"http:\/\/www.yungayino.cl\/imagenes\/plazasaludablemultiuso.jpg\" width=\"500\" height=\"200\" \/><\/p>\n<p><span style=\"font-size: small; font-family: arial,helvetica,sans-serif;\">Yungay, en plena faena de ejecuci\u00f3n se encuentran tres nuevas plazas saludables conocidas tambi\u00e9n como plazas activas. Los\u00a0 nuevos equipamientos deportivos ser\u00e1n inaugurados a fines de este mes y se ubicar\u00e1n en la Poblaci\u00f3n el Roble, Sal\u00f3n Multiuso y en la nueva poblaci\u00f3n del sector rural denominada Villa Cordillera. Se\u00f1alar que estos nuevos proyectos est\u00e1n siendo ejecutados con mano de obra local y que los recursos provienen de la Seremi de Salud y del Municipio. Finalmente destacar que el objetivo de estas nuevas infraestructuras deportivas es ofrecer recreaci\u00f3n, salud y deporte a todas las personas de diferentes edades y que es parte de la estrategia liderada por el alcalde Pedro Inostroza para fomentar la actividad f\u00edsica y\u00a0estilos de vida saludables de los yungayinos, as\u00ed lo se\u00f1alo al Portal Yungayino.cl Carolina Baeza Villa, Directora de Salud Municipalidad de Yungay.<\/span><\/p>\n<p><span style=\"font-size: small; font-family: arial,helvetica,sans-serif;\"><a href=\"https:\/\/www.facebook.com\/media\/set\/?set=a.774303892584652.1073742050.159561284058919&amp;type=3\">Fotograf\u00edas<\/a><\/span><\/p>\n","protected":false},"excerpt":{"rendered":"<p>Yungay, en plena faena de ejecuci\u00f3n se encuentran tres nuevas plazas saludables conocidas tambi\u00e9n como plazas activas. Los\u00a0 nuevos equipamientos deportivos ser\u00e1n inaugurados a fines de este mes y se ubicar\u00e1n en la Poblaci\u00f3n&#46;&#46;&#46;<\/p>\n","protected":false},"author":2,"featured_media":16444,"comment_status":"open","ping_status":"open","sticky":false,"template":"","format":"standard","meta":{"footnotes":""},"categories":[1],"tags":[1115,450,8,6],"class_list":["post-10426","post","type-post","status-publish","format-standard","has-post-thumbnail","hentry","category-noticias","tag-noticias","tag-plaza-activa","tag-yungay","tag-yungayino"],"_links":{"self":[{"href":"https:\/\/www.yungayino.cl\/noticias\/index.php?rest_route=\/wp\/v2\/posts\/10426","targetHints":{"allow":["GET"]}}],"collection":[{"href":"https:\/\/www.yungayino.cl\/noticias\/index.php?rest_route=\/wp\/v2\/posts"}],"about":[{"href":"https:\/\/www.yungayino.cl\/noticias\/index.php?rest_route=\/wp\/v2\/types\/post"}],"author":[{"embeddable":true,"href":"https:\/\/www.yungayino.cl\/noticias\/index.php?rest_route=\/wp\/v2\/users\/2"}],"replies":[{"embeddable":true,"href":"https:\/\/www.yungayino.cl\/noticias\/index.php?rest_route=%2Fwp%2Fv2%2Fcomments&post=10426"}],"version-history":[{"count":2,"href":"https:\/\/www.yungayino.cl\/noticias\/index.php?rest_route=\/wp\/v2\/posts\/10426\/revisions"}],"predecessor-version":[{"id":10428,"href":"https:\/\/www.yungayino.cl\/noticias\/index.php?rest_route=\/wp\/v2\/posts\/10426\/revisions\/10428"}],"wp:featuredmedia":[{"embeddable":true,"href":"https:\/\/www.yungayino.cl\/noticias\/index.php?rest_route=\/wp\/v2\/media\/16444"}],"wp:attachment":[{"href":"https:\/\/www.yungayino.cl\/noticias\/index.php?rest_route=%2Fwp%2Fv2%2Fmedia&parent=10426"}],"wp:term":[{"taxonomy":"category","embeddable":true,"href":"https:\/\/www.yungayino.cl\/noticias\/index.php?rest_route=%2Fwp%2Fv2%2Fcategories&post=10426"},{"taxonomy":"post_tag","embeddable":true,"href":"https:\/\/www.yungayino.cl\/noticias\/index.php?rest_route=%2Fwp%2Fv2%2Ftags&post=10426"}],"curies":[{"name":"wp","href":"https:\/\/api.w.org\/{rel}","templated":true}]}}