{"id":1046,"date":"2009-05-09T23:00:13","date_gmt":"2009-05-10T03:00:13","guid":{"rendered":"http:\/\/www.yungayino.cl\/noticias\/?p=1046"},"modified":"2009-05-10T18:24:48","modified_gmt":"2009-05-10T22:24:48","slug":"celebracion-dia-de-la-madre-en-yungay","status":"publish","type":"post","link":"https:\/\/www.yungayino.cl\/noticias\/?p=1046","title":{"rendered":"Celebraci\u00f3n D\u00eda de La Madre en Yungay"},"content":{"rendered":"<p><img decoding=\"async\" src=\"http:\/\/www.yungayino.cl\/imagenes\/mamayungay.jpg\" alt=\"D\u00eda de la Madre en Yungay\" \/><\/p>\n<p align=\"justify\"><font size=\"2\">En el Sal\u00f3n Comunitario Multiuso el d\u00eda s\u00e1bado 09 de mayo a las 20:00 horas se dio inicio al show con motivo del d\u00eda de las Madres, las mamitas provenientes de los sectores El Castillo, Laureles, San Antonio, Los Mayos y El Cardal fueron trasladadas en un bus municipal para que pudieran asistir a este evento. Con un gimnasio lleno de mamitas que pasaron una velada siendo regaloneadas y con la animaci\u00f3n de \u201cDino\u201d de Concepci\u00f3n que las hizo bailar y cantar, adem\u00e1s con todo el romanticismo en la voz de Jorge Ra\u00fal de Chill\u00e1n y la m\u00fasica ranchera interpretada por Lupita Solar. En esta ocasi\u00f3n fue premiada una madre que hoy en d\u00eda debe cumplir tambi\u00e9n el rol de padre, ya que hace poco tiempo falleci\u00f3 su marido, Carmen Bilbao obtuvo un reconocimiento por su esfuerzo, recibiendo un presente de manos del Alcalde Pedro Inostroza Valenzuela. Y para finalizar Daniel Donoso, ex integrante del programa \u00abRojo\u00bb acompa\u00f1ado de tres bailarinas de \u00abCalle 7\u00bb de TVN, encant\u00f3 con sus canciones a las mamitas asistentes. <a href=\"http:\/\/www.flickr.com\/photos\/37035610@N03\/tags\/diamamayungay\/\">Fotograf\u00edas<\/a><\/font><\/p>\n","protected":false},"excerpt":{"rendered":"<p>En el Sal\u00f3n Comunitario Multiuso el d\u00eda s\u00e1bado 09 de mayo a las 20:00 horas se dio inicio al show con motivo del d\u00eda de las Madres, las mamitas provenientes de los sectores El&#46;&#46;&#46;<\/p>\n","protected":false},"author":2,"featured_media":14997,"comment_status":"open","ping_status":"open","sticky":false,"template":"","format":"standard","meta":{"footnotes":""},"categories":[5],"tags":[1117,8,6],"class_list":["post-1046","post","type-post","status-publish","format-standard","has-post-thumbnail","hentry","category-eventos","tag-eventos","tag-yungay","tag-yungayino"],"_links":{"self":[{"href":"https:\/\/www.yungayino.cl\/noticias\/index.php?rest_route=\/wp\/v2\/posts\/1046","targetHints":{"allow":["GET"]}}],"collection":[{"href":"https:\/\/www.yungayino.cl\/noticias\/index.php?rest_route=\/wp\/v2\/posts"}],"about":[{"href":"https:\/\/www.yungayino.cl\/noticias\/index.php?rest_route=\/wp\/v2\/types\/post"}],"author":[{"embeddable":true,"href":"https:\/\/www.yungayino.cl\/noticias\/index.php?rest_route=\/wp\/v2\/users\/2"}],"replies":[{"embeddable":true,"href":"https:\/\/www.yungayino.cl\/noticias\/index.php?rest_route=%2Fwp%2Fv2%2Fcomments&post=1046"}],"version-history":[{"count":7,"href":"https:\/\/www.yungayino.cl\/noticias\/index.php?rest_route=\/wp\/v2\/posts\/1046\/revisions"}],"predecessor-version":[{"id":1053,"href":"https:\/\/www.yungayino.cl\/noticias\/index.php?rest_route=\/wp\/v2\/posts\/1046\/revisions\/1053"}],"wp:featuredmedia":[{"embeddable":true,"href":"https:\/\/www.yungayino.cl\/noticias\/index.php?rest_route=\/wp\/v2\/media\/14997"}],"wp:attachment":[{"href":"https:\/\/www.yungayino.cl\/noticias\/index.php?rest_route=%2Fwp%2Fv2%2Fmedia&parent=1046"}],"wp:term":[{"taxonomy":"category","embeddable":true,"href":"https:\/\/www.yungayino.cl\/noticias\/index.php?rest_route=%2Fwp%2Fv2%2Fcategories&post=1046"},{"taxonomy":"post_tag","embeddable":true,"href":"https:\/\/www.yungayino.cl\/noticias\/index.php?rest_route=%2Fwp%2Fv2%2Ftags&post=1046"}],"curies":[{"name":"wp","href":"https:\/\/api.w.org\/{rel}","templated":true}]}}