{"id":10480,"date":"2014-01-18T13:00:08","date_gmt":"2014-01-18T17:00:08","guid":{"rendered":"http:\/\/www.yungayino.cl\/noticias\/?p=10480"},"modified":"2014-01-22T10:57:09","modified_gmt":"2014-01-22T14:57:09","slug":"con-gran-noche-de-folclor-comenzaron-las-actividades-del-verano-2014-en-yungay","status":"publish","type":"post","link":"https:\/\/www.yungayino.cl\/noticias\/?p=10480","title":{"rendered":"Con Gran Noche de Folclor Comenzaron las Actividades del Verano 2014 en Yungay"},"content":{"rendered":"<p><img loading=\"lazy\" decoding=\"async\" alt=\"YUNGAYINO.CL - El Portal de Yungay\" src=\"http:\/\/www.yungayino.cl\/2014\/cantares20140117.jpg\" width=\"500\" height=\"200\" \/><\/p>\n<p><span style=\"font-size: small; font-family: arial,helvetica,sans-serif;\">Yungay, este viernes 17 de enero con una Gran Noche de Folclor comenzaron las actividades del \u201cVerano 2014\u201d, donde la m\u00fasica folcl\u00f3rica tuvo su espacio con la presentaci\u00f3n de diferentes grupos de nuestra comuna liderados por la Agrupaci\u00f3n Folcl\u00f3rica Cantares de Yungay, adem\u00e1s de la Agrupaci\u00f3n de Adultos Mayores, la Academia de Folclor de \u201cPatricio Antonio\u201d, la Agrupaci\u00f3n \u201cAmor Joven\u201d y la presentaci\u00f3n de los cantantes populares como la Sra. Guillermina Bascu\u00f1an y Cristi\u00e1n de Los Canelos. Todo se inicio a las 20:30 horas en el Ode\u00f3n de la Plaza Iquique ante un gran marco de p\u00fablico y una noche agradable donde los asistentes pudieron disfrutar lo mejor de nuestra m\u00fasica chilena y el baile nacional con la participaci\u00f3n de parejas campeonas de Yungay, Cabrero y Chill\u00e1n Viejo. Finalmente destacar que la actividad fue organizada por la Agrupaci\u00f3n Cantares de Yungay, quienes hicieron entrega de un reconocimiento a todos quienes participaron en esta hermosa jornada de folclor para nuestra comuna.<\/span><\/p>\n<p><a href=\"https:\/\/www.facebook.com\/media\/set\/?set=a.782563288425379.1073742054.159561284058919&amp;type=3&amp;uploaded=144\"><span style=\"font-size: small; font-family: arial,helvetica,sans-serif;\">Fotograf\u00edas<\/span><\/a><\/p>\n","protected":false},"excerpt":{"rendered":"<p>Yungay, este viernes 17 de enero con una Gran Noche de Folclor comenzaron las actividades del \u201cVerano 2014\u201d, donde la m\u00fasica folcl\u00f3rica tuvo su espacio con la presentaci\u00f3n de diferentes grupos de nuestra comuna&#46;&#46;&#46;<\/p>\n","protected":false},"author":2,"featured_media":10493,"comment_status":"open","ping_status":"open","sticky":false,"template":"","format":"standard","meta":{"footnotes":""},"categories":[5,1],"tags":[848,335,1115,8,838,6],"class_list":["post-10480","post","type-post","status-publish","format-standard","has-post-thumbnail","hentry","category-eventos","category-noticias","tag-amor-joven","tag-cantares","tag-noticias","tag-yungay","tag-yungayina-2014","tag-yungayino"],"_links":{"self":[{"href":"https:\/\/www.yungayino.cl\/noticias\/index.php?rest_route=\/wp\/v2\/posts\/10480","targetHints":{"allow":["GET"]}}],"collection":[{"href":"https:\/\/www.yungayino.cl\/noticias\/index.php?rest_route=\/wp\/v2\/posts"}],"about":[{"href":"https:\/\/www.yungayino.cl\/noticias\/index.php?rest_route=\/wp\/v2\/types\/post"}],"author":[{"embeddable":true,"href":"https:\/\/www.yungayino.cl\/noticias\/index.php?rest_route=\/wp\/v2\/users\/2"}],"replies":[{"embeddable":true,"href":"https:\/\/www.yungayino.cl\/noticias\/index.php?rest_route=%2Fwp%2Fv2%2Fcomments&post=10480"}],"version-history":[{"count":1,"href":"https:\/\/www.yungayino.cl\/noticias\/index.php?rest_route=\/wp\/v2\/posts\/10480\/revisions"}],"predecessor-version":[{"id":10481,"href":"https:\/\/www.yungayino.cl\/noticias\/index.php?rest_route=\/wp\/v2\/posts\/10480\/revisions\/10481"}],"wp:featuredmedia":[{"embeddable":true,"href":"https:\/\/www.yungayino.cl\/noticias\/index.php?rest_route=\/wp\/v2\/media\/10493"}],"wp:attachment":[{"href":"https:\/\/www.yungayino.cl\/noticias\/index.php?rest_route=%2Fwp%2Fv2%2Fmedia&parent=10480"}],"wp:term":[{"taxonomy":"category","embeddable":true,"href":"https:\/\/www.yungayino.cl\/noticias\/index.php?rest_route=%2Fwp%2Fv2%2Fcategories&post=10480"},{"taxonomy":"post_tag","embeddable":true,"href":"https:\/\/www.yungayino.cl\/noticias\/index.php?rest_route=%2Fwp%2Fv2%2Ftags&post=10480"}],"curies":[{"name":"wp","href":"https:\/\/api.w.org\/{rel}","templated":true}]}}