{"id":10520,"date":"2014-01-21T10:00:07","date_gmt":"2014-01-21T14:00:07","guid":{"rendered":"http:\/\/www.yungayino.cl\/noticias\/?p=10520"},"modified":"2014-01-21T17:04:46","modified_gmt":"2014-01-21T21:04:46","slug":"conjunto-folclorico-danzares-latinoamericanos-realizo-presentacion-en-yungay","status":"publish","type":"post","link":"https:\/\/www.yungayino.cl\/noticias\/?p=10520","title":{"rendered":"Conjunto Folcl\u00f3rico Danzares Latinoamericanos Realiz\u00f3 Presentaci\u00f3n en Yungay"},"content":{"rendered":"<p><img loading=\"lazy\" decoding=\"async\" alt=\"YUNGAYINO.CL - El Portal de Yungay\" src=\"http:\/\/www.yungayino.cl\/imagenes\/danzareslatinoamericanos20140120.jpg\" width=\"500\" height=\"200\" \/><\/p>\n<p>&nbsp;<\/p>\n<p><span style=\"font-size: small; font-family: arial,helvetica,sans-serif;\">Yungay, una impecable presentaci\u00f3n realiz\u00f3 el <b>\u201cConjunto Folcl\u00f3rico Danzares Latinoamericanos<\/b>\u201d, este lunes 20 de enero en la plaza Iquique como parte de las actividades organizadas por el municipio para la celebraci\u00f3n del Aniversario N\u00b0 172 de nuestra comuna. A la actividad cultural asistieron cientos de yungayinos y visitantes que disfrutaron de una calidad esc\u00e9nica, variado repertorio y coreograf\u00edas con lo mejor de la m\u00fasica latinoamericana como Argentina, Per\u00fa, Colombia, Brasil, M\u00e9xico, Bolivia, Paraguay etc. Se\u00f1alar que esta agrupaci\u00f3n nace en Santiago de Chile el 29 de Septiembre de 2007 por la iniciativa de un grupo de j\u00f3venes y profesores, con el objetivo de difundir nuestras danzas tradicionales nacionales y latinoamericanas, a trav\u00e9s del estudio del contexto cultural, social de \u00e9stas,\u00a0buscando la conservaci\u00f3n del car\u00e1cter, sentido y estilo para preservar de este modo la herencia patrimonial, asesorados por maestros y estudiosos de Chile y Latinoam\u00e9rica. Es dirigida en la actualidad por el Profesor de Educaci\u00f3n F\u00edsica don V\u00edctor Mora Carrera. Finalmente mencionar para quienes no pudieron asistir el d\u00eda de ayer, hoy martes a partir de las 21:30 horas se realizar\u00e1 una nueva y \u00faltima presentaci\u00f3n la cu\u00e1l nuevamente contar\u00e1 con la animaci\u00f3n del Sr. Mario Salinas.<\/span><\/p>\n<p><span style=\"font-size: small; font-family: arial,helvetica,sans-serif;\"><a href=\"https:\/\/www.facebook.com\/media\/set\/?set=a.784156434932731.1073742064.159561284058919&amp;type=1\">Fotograf\u00edas<\/a><\/span><\/p>\n","protected":false},"excerpt":{"rendered":"<p>&nbsp; Yungay, una impecable presentaci\u00f3n realiz\u00f3 el \u201cConjunto Folcl\u00f3rico Danzares Latinoamericanos\u201d, este lunes 20 de enero en la plaza Iquique como parte de las actividades organizadas por el municipio para la celebraci\u00f3n del Aniversario&#46;&#46;&#46;<\/p>\n","protected":false},"author":2,"featured_media":16459,"comment_status":"open","ping_status":"open","sticky":false,"template":"","format":"standard","meta":{"footnotes":""},"categories":[5,1],"tags":[847,1115,8,838,6],"class_list":["post-10520","post","type-post","status-publish","format-standard","has-post-thumbnail","hentry","category-eventos","category-noticias","tag-danzares-latinoamericanos","tag-noticias","tag-yungay","tag-yungayina-2014","tag-yungayino"],"_links":{"self":[{"href":"https:\/\/www.yungayino.cl\/noticias\/index.php?rest_route=\/wp\/v2\/posts\/10520","targetHints":{"allow":["GET"]}}],"collection":[{"href":"https:\/\/www.yungayino.cl\/noticias\/index.php?rest_route=\/wp\/v2\/posts"}],"about":[{"href":"https:\/\/www.yungayino.cl\/noticias\/index.php?rest_route=\/wp\/v2\/types\/post"}],"author":[{"embeddable":true,"href":"https:\/\/www.yungayino.cl\/noticias\/index.php?rest_route=\/wp\/v2\/users\/2"}],"replies":[{"embeddable":true,"href":"https:\/\/www.yungayino.cl\/noticias\/index.php?rest_route=%2Fwp%2Fv2%2Fcomments&post=10520"}],"version-history":[{"count":3,"href":"https:\/\/www.yungayino.cl\/noticias\/index.php?rest_route=\/wp\/v2\/posts\/10520\/revisions"}],"predecessor-version":[{"id":10523,"href":"https:\/\/www.yungayino.cl\/noticias\/index.php?rest_route=\/wp\/v2\/posts\/10520\/revisions\/10523"}],"wp:featuredmedia":[{"embeddable":true,"href":"https:\/\/www.yungayino.cl\/noticias\/index.php?rest_route=\/wp\/v2\/media\/16459"}],"wp:attachment":[{"href":"https:\/\/www.yungayino.cl\/noticias\/index.php?rest_route=%2Fwp%2Fv2%2Fmedia&parent=10520"}],"wp:term":[{"taxonomy":"category","embeddable":true,"href":"https:\/\/www.yungayino.cl\/noticias\/index.php?rest_route=%2Fwp%2Fv2%2Fcategories&post=10520"},{"taxonomy":"post_tag","embeddable":true,"href":"https:\/\/www.yungayino.cl\/noticias\/index.php?rest_route=%2Fwp%2Fv2%2Ftags&post=10520"}],"curies":[{"name":"wp","href":"https:\/\/api.w.org\/{rel}","templated":true}]}}