{"id":10528,"date":"2014-01-22T13:00:29","date_gmt":"2014-01-22T17:00:29","guid":{"rendered":"http:\/\/www.yungayino.cl\/noticias\/?p=10528"},"modified":"2014-01-22T13:44:14","modified_gmt":"2014-01-22T17:44:14","slug":"departamento-de-salud-municipal-inaugura-nueva-plaza-activa-en-yungay","status":"publish","type":"post","link":"https:\/\/www.yungayino.cl\/noticias\/?p=10528","title":{"rendered":"Departamento de Salud Municipal Inaugura Nueva Plaza Activa en Yungay"},"content":{"rendered":"<p><img loading=\"lazy\" decoding=\"async\" alt=\"YUNGAYINO.CL  - El Portal de Yungay\" src=\"http:\/\/www.yungayino.cl\/2014\/plazaactivamultiuso.jpg\" width=\"500\" height=\"200\" \/><\/p>\n<p><span style=\"font-size: small; font-family: arial,helvetica,sans-serif;\">Yungay, este martes 21 de enero el Departamento de Salud Municipal inaugur\u00f3 una nueva plaza saludable conocida tambi\u00e9n como plaza activa, la cu\u00e1l se encuentra ubicada en el frontis del Sal\u00f3n Multiuso y cuenta con seis m\u00e1quinas. La ceremonia de inauguraci\u00f3n cont\u00f3 con la asistencia del Director del Hospital Comunitario de Salud Familiar, Francisco L\u00f3pez, Carolina Baeza, Directora Departamento de Salud Municipal, la concejala Ang\u00e9lica Cabezas y el alcalde Pedro Inostroza, adem\u00e1s de vecinos. Destacar adem\u00e1s que hoy se inauguraron de manera simb\u00f3lica y con la presencia de los dirigentes vecinales 2 nuevas plazas ubicadas en los sectores rurales de El Roble y San Antonio. Mencionar que el objetivo de estas nuevas infraestructuras deportivas es ofrecer recreaci\u00f3n, salud y deporte a todas las personas de diferentes edades y que es parte de la estrategia liderada por el alcalde Pedro Inostroza para fomentar la actividad f\u00edsica y\u00a0estilos de vida saludables de los yungayinos, as\u00ed lo se\u00f1alo\u00a0 Carolina Baeza Villa. Por su parte el alcalde se\u00f1alo que continuar\u00e1n instalando nuevas plazas en diferentes puntos de nuestra comuna y que para los j\u00f3venes ya est\u00e1n trabajando en un nuevo proyecto para instalarles \u201cuna pista de Patinaje de Skate\u201d y reitero el llamado a cuidar esta nueva infraestructura. Finalmente los vecinos expresaron su agradecimiento y alegr\u00eda al edil por esta hermosa infraestructura y realizaron el tradicional corte de cinta.<\/span><\/p>\n<p><a href=\"https:\/\/www.facebook.com\/media\/set\/?set=a.784623651552676.1073742066.159561284058919&amp;type=3&amp;uploaded=68\"><span style=\"font-size: small; font-family: arial,helvetica,sans-serif;\">\u00a0Fotograf\u00edas<\/span><\/a><\/p>\n","protected":false},"excerpt":{"rendered":"<p>Yungay, este martes 21 de enero el Departamento de Salud Municipal inaugur\u00f3 una nueva plaza saludable conocida tambi\u00e9n como plaza activa, la cu\u00e1l se encuentra ubicada en el frontis del Sal\u00f3n Multiuso y cuenta&#46;&#46;&#46;<\/p>\n","protected":false},"author":2,"featured_media":16460,"comment_status":"open","ping_status":"open","sticky":false,"template":"","format":"standard","meta":{"footnotes":""},"categories":[17,1],"tags":[1115,450,8,6],"class_list":["post-10528","post","type-post","status-publish","format-standard","has-post-thumbnail","hentry","category-deporte","category-noticias","tag-noticias","tag-plaza-activa","tag-yungay","tag-yungayino"],"_links":{"self":[{"href":"https:\/\/www.yungayino.cl\/noticias\/index.php?rest_route=\/wp\/v2\/posts\/10528","targetHints":{"allow":["GET"]}}],"collection":[{"href":"https:\/\/www.yungayino.cl\/noticias\/index.php?rest_route=\/wp\/v2\/posts"}],"about":[{"href":"https:\/\/www.yungayino.cl\/noticias\/index.php?rest_route=\/wp\/v2\/types\/post"}],"author":[{"embeddable":true,"href":"https:\/\/www.yungayino.cl\/noticias\/index.php?rest_route=\/wp\/v2\/users\/2"}],"replies":[{"embeddable":true,"href":"https:\/\/www.yungayino.cl\/noticias\/index.php?rest_route=%2Fwp%2Fv2%2Fcomments&post=10528"}],"version-history":[{"count":3,"href":"https:\/\/www.yungayino.cl\/noticias\/index.php?rest_route=\/wp\/v2\/posts\/10528\/revisions"}],"predecessor-version":[{"id":10531,"href":"https:\/\/www.yungayino.cl\/noticias\/index.php?rest_route=\/wp\/v2\/posts\/10528\/revisions\/10531"}],"wp:featuredmedia":[{"embeddable":true,"href":"https:\/\/www.yungayino.cl\/noticias\/index.php?rest_route=\/wp\/v2\/media\/16460"}],"wp:attachment":[{"href":"https:\/\/www.yungayino.cl\/noticias\/index.php?rest_route=%2Fwp%2Fv2%2Fmedia&parent=10528"}],"wp:term":[{"taxonomy":"category","embeddable":true,"href":"https:\/\/www.yungayino.cl\/noticias\/index.php?rest_route=%2Fwp%2Fv2%2Fcategories&post=10528"},{"taxonomy":"post_tag","embeddable":true,"href":"https:\/\/www.yungayino.cl\/noticias\/index.php?rest_route=%2Fwp%2Fv2%2Ftags&post=10528"}],"curies":[{"name":"wp","href":"https:\/\/api.w.org\/{rel}","templated":true}]}}