{"id":10542,"date":"2014-01-23T15:00:38","date_gmt":"2014-01-23T19:00:38","guid":{"rendered":"http:\/\/www.yungayino.cl\/noticias\/?p=10542"},"modified":"2014-01-23T19:53:58","modified_gmt":"2014-01-23T23:53:58","slug":"biblioteca-publica-invita-a-la-comunidad-a-visitar-exposicion-coreel-tesoro-que-creiamos-perdido","status":"publish","type":"post","link":"https:\/\/www.yungayino.cl\/noticias\/?p=10542","title":{"rendered":"Biblioteca P\u00fablica Invita a la Comunidad a Visitar Exposici\u00f3n \u201cCor\u00e9\u2026el tesoro que cre\u00edamos perdido\u201d"},"content":{"rendered":"<p><img loading=\"lazy\" decoding=\"async\" alt=\"YUNGAYINO.CL - El Portal de Yungay\" src=\"http:\/\/www.yungayino.cl\/2014\/exposicioncore.jpg\" width=\"500\" height=\"200\" \/><\/p>\n<p><span style=\"font-size: small; font-family: arial,helvetica,sans-serif;\">Yungay, la administraci\u00f3n de la Biblioteca P\u00fablica de nuestra comuna invita a toda la comunidad a visitar la Exposici\u00f3n <b>\u201cCor\u00e9\u2026el tesoro que cre\u00edamos perdido\u201d<\/b> la que actualmente se esta exponiendo y que pertenece a la Biblioteca Nacional de Chile. Destacar que Mario Silva Ossa, m\u00e1s conocido por el seud\u00f3nimo Cor\u00e9, naci\u00f3 en San Fernando en 1913 y que durante su infancia estuvo interno en el Colegio San Ignacio y m\u00e1s tarde estudi\u00f3 dos a\u00f1os en la Escuela de Arquitectura de la Universidad de Chile. En 1932, se integr\u00f3 al equipo de la revista El Peneca, dirigida entonces por su t\u00eda Elvira Santa Cruz Ossa, conocida por su seud\u00f3nimo como Roxane. Su trabajo marc\u00f3 ese per\u00edodo de la revista con portadas, entre las cuales se destacaron las ilustraciones de seriales como \u00abQuint\u00edn, el Aventurero\u00bb y cuentos que, semana a semana, entreten\u00edan a ni\u00f1os y grandes. Cor\u00e9 realiz\u00f3 un completo trabajo de dibujante e ilustrador de decenas de cuentos y novelas para ni\u00f1os y j\u00f3venes durante dieciocho a\u00f1os de su vida: La Isla del Tesoro, Los viajes de Gulliver, Herne el cazador, Sandok\u00e1n y El Cid, son s\u00f3lo algunos de los cientos de personajes que dibuj\u00f3 con sus l\u00e1pices y pinceles. Los ni\u00f1os de la d\u00e9cada de 1930 y 1940 so\u00f1aron e imaginaron un mundo de fantas\u00edas creado por Cor\u00e9. Durante su infancia, poetas nacionales como Miguel Arteche, Enrique Lihn y Jorge Teillier disfrutaron de sus ilustraciones, las cuales dejaron huellas en su poes\u00eda posterior. La obra de Cor\u00e9 qued\u00f3 plasmada de manera inolvidable en la revista El Peneca y en un texto escolar de gran difusi\u00f3n: El Silabario Hispanoamericano. Cor\u00e9 muri\u00f3 tr\u00e1gicamente en 1950, a pocos d\u00edas de haber cumplido 37 a\u00f1os. Sin embargo, su particular modo de imaginar y representar el mundo permaneci\u00f3 en la memoria de toda una generaci\u00f3n y continu\u00f3 en la obra de Elena Poirier, su \u00fanica disc\u00edpula. Finalmente la Administradora de la Biblioteca Paulina \u00c1vila Pinto reitero la invitaci\u00f3n para toda la comunidad a recorrer esta interesante muestra, la cual permanecer\u00e1 en la Biblioteca P\u00fablica\u00a0hasta el 21 de Febrero de 2014.<\/span><\/p>\n<p><span style=\"font-size: small; font-family: arial,helvetica,sans-serif;\"><a href=\"https:\/\/www.facebook.com\/media\/set\/?set=a.785266308155077.1073742068.159561284058919&amp;type=3&amp;uploaded=11\">Fotograf\u00edas<\/a><\/span><\/p>\n","protected":false},"excerpt":{"rendered":"<p>Yungay, la administraci\u00f3n de la Biblioteca P\u00fablica de nuestra comuna invita a toda la comunidad a visitar la Exposici\u00f3n \u201cCor\u00e9\u2026el tesoro que cre\u00edamos perdido\u201d la que actualmente se esta exponiendo y que pertenece a&#46;&#46;&#46;<\/p>\n","protected":false},"author":2,"featured_media":16463,"comment_status":"open","ping_status":"open","sticky":false,"template":"","format":"standard","meta":{"footnotes":""},"categories":[1],"tags":[583,1115,8,6],"class_list":["post-10542","post","type-post","status-publish","format-standard","has-post-thumbnail","hentry","category-noticias","tag-biblioteca","tag-noticias","tag-yungay","tag-yungayino"],"_links":{"self":[{"href":"https:\/\/www.yungayino.cl\/noticias\/index.php?rest_route=\/wp\/v2\/posts\/10542","targetHints":{"allow":["GET"]}}],"collection":[{"href":"https:\/\/www.yungayino.cl\/noticias\/index.php?rest_route=\/wp\/v2\/posts"}],"about":[{"href":"https:\/\/www.yungayino.cl\/noticias\/index.php?rest_route=\/wp\/v2\/types\/post"}],"author":[{"embeddable":true,"href":"https:\/\/www.yungayino.cl\/noticias\/index.php?rest_route=\/wp\/v2\/users\/2"}],"replies":[{"embeddable":true,"href":"https:\/\/www.yungayino.cl\/noticias\/index.php?rest_route=%2Fwp%2Fv2%2Fcomments&post=10542"}],"version-history":[{"count":2,"href":"https:\/\/www.yungayino.cl\/noticias\/index.php?rest_route=\/wp\/v2\/posts\/10542\/revisions"}],"predecessor-version":[{"id":10544,"href":"https:\/\/www.yungayino.cl\/noticias\/index.php?rest_route=\/wp\/v2\/posts\/10542\/revisions\/10544"}],"wp:featuredmedia":[{"embeddable":true,"href":"https:\/\/www.yungayino.cl\/noticias\/index.php?rest_route=\/wp\/v2\/media\/16463"}],"wp:attachment":[{"href":"https:\/\/www.yungayino.cl\/noticias\/index.php?rest_route=%2Fwp%2Fv2%2Fmedia&parent=10542"}],"wp:term":[{"taxonomy":"category","embeddable":true,"href":"https:\/\/www.yungayino.cl\/noticias\/index.php?rest_route=%2Fwp%2Fv2%2Fcategories&post=10542"},{"taxonomy":"post_tag","embeddable":true,"href":"https:\/\/www.yungayino.cl\/noticias\/index.php?rest_route=%2Fwp%2Fv2%2Ftags&post=10542"}],"curies":[{"name":"wp","href":"https:\/\/api.w.org\/{rel}","templated":true}]}}