{"id":10556,"date":"2014-01-27T22:00:18","date_gmt":"2014-01-28T02:00:18","guid":{"rendered":"http:\/\/www.yungayino.cl\/noticias\/?p=10556"},"modified":"2014-01-28T12:13:38","modified_gmt":"2014-01-28T16:13:38","slug":"bus-de-recorrido-yungay-chillan-se-volco","status":"publish","type":"post","link":"https:\/\/www.yungayino.cl\/noticias\/?p=10556","title":{"rendered":"Bus de Recorrido Yungay-Chill\u00e1n se Volc\u00f3"},"content":{"rendered":"<p><img loading=\"lazy\" decoding=\"async\" alt=\"YUNGAYINO.CL - El Portal de Yungay\" src=\"http:\/\/www.yungayino.cl\/2014\/busvolco201401.jpg\" width=\"500\" height=\"200\" \/><\/p>\n<p><span style=\"font-size: small; font-family: arial,helvetica,sans-serif;\">Yungay, un bus perteneciente a la Empresa Buses Montecinos, se volc\u00f3 ayer s\u00e1bado 27 de enero en el Sector Cruz de los Canelos a 1 Kil\u00f3metro de Quiriquina en su recorrido habitual que realiza de Chill\u00e1n a Yungay. De acuerdo a las primeras versiones este accidente se habr\u00edan producido por lo resbaladizo de la v\u00eda producto de la lluvia que hab\u00eda ca\u00eddo en las \u00faltimas horas. Se\u00f1alar que debido al volcamiento y golpe en la zanja al costado de la carretera se vieron afectadas 25 personas con lesiones de mediana gravedad, las cuales fueron derivadas a la comuna de El Carmen, Bulnes y Chill\u00e1n. Finalmente mencionar que al lugar concurrieron personal de Bomberos de San Ignacio, Samu y Carabineros, los cuales trabajaron en la investigaci\u00f3n de las causas del accidente.<\/span><\/p>\n<p><a href=\"https:\/\/www.facebook.com\/media\/set\/?set=a.787830817898626.1073742073.159561284058919&amp;type=3&amp;uploaded=2\"><span style=\"font-size: small; font-family: arial,helvetica,sans-serif;\">\u00a0Fotograf\u00edas<\/span><\/a><\/p>\n","protected":false},"excerpt":{"rendered":"<p>Yungay, un bus perteneciente a la Empresa Buses Montecinos, se volc\u00f3 ayer s\u00e1bado 27 de enero en el Sector Cruz de los Canelos a 1 Kil\u00f3metro de Quiriquina en su recorrido habitual que realiza&#46;&#46;&#46;<\/p>\n","protected":false},"author":2,"featured_media":16453,"comment_status":"open","ping_status":"open","sticky":false,"template":"","format":"standard","meta":{"footnotes":""},"categories":[1],"tags":[1115,8,6],"class_list":["post-10556","post","type-post","status-publish","format-standard","has-post-thumbnail","hentry","category-noticias","tag-noticias","tag-yungay","tag-yungayino"],"_links":{"self":[{"href":"https:\/\/www.yungayino.cl\/noticias\/index.php?rest_route=\/wp\/v2\/posts\/10556","targetHints":{"allow":["GET"]}}],"collection":[{"href":"https:\/\/www.yungayino.cl\/noticias\/index.php?rest_route=\/wp\/v2\/posts"}],"about":[{"href":"https:\/\/www.yungayino.cl\/noticias\/index.php?rest_route=\/wp\/v2\/types\/post"}],"author":[{"embeddable":true,"href":"https:\/\/www.yungayino.cl\/noticias\/index.php?rest_route=\/wp\/v2\/users\/2"}],"replies":[{"embeddable":true,"href":"https:\/\/www.yungayino.cl\/noticias\/index.php?rest_route=%2Fwp%2Fv2%2Fcomments&post=10556"}],"version-history":[{"count":1,"href":"https:\/\/www.yungayino.cl\/noticias\/index.php?rest_route=\/wp\/v2\/posts\/10556\/revisions"}],"predecessor-version":[{"id":10557,"href":"https:\/\/www.yungayino.cl\/noticias\/index.php?rest_route=\/wp\/v2\/posts\/10556\/revisions\/10557"}],"wp:featuredmedia":[{"embeddable":true,"href":"https:\/\/www.yungayino.cl\/noticias\/index.php?rest_route=\/wp\/v2\/media\/16453"}],"wp:attachment":[{"href":"https:\/\/www.yungayino.cl\/noticias\/index.php?rest_route=%2Fwp%2Fv2%2Fmedia&parent=10556"}],"wp:term":[{"taxonomy":"category","embeddable":true,"href":"https:\/\/www.yungayino.cl\/noticias\/index.php?rest_route=%2Fwp%2Fv2%2Fcategories&post=10556"},{"taxonomy":"post_tag","embeddable":true,"href":"https:\/\/www.yungayino.cl\/noticias\/index.php?rest_route=%2Fwp%2Fv2%2Ftags&post=10556"}],"curies":[{"name":"wp","href":"https:\/\/api.w.org\/{rel}","templated":true}]}}