{"id":10559,"date":"2014-01-28T10:00:35","date_gmt":"2014-01-28T14:00:35","guid":{"rendered":"http:\/\/www.yungayino.cl\/noticias\/?p=10559"},"modified":"2014-01-28T20:07:13","modified_gmt":"2014-01-29T00:07:13","slug":"con-show-de-myriam-hernandez-y-alejandro-de-rosas-se-cerro-ultima-jornada-de-la-semana-yungayina-2014","status":"publish","type":"post","link":"https:\/\/www.yungayino.cl\/noticias\/?p=10559","title":{"rendered":"Con Show de Myriam Hern\u00e1ndez y Alejandro de Rosas se Cerro \u00daltima Jornada de la Semana Yungayina 2014"},"content":{"rendered":"<p><img loading=\"lazy\" decoding=\"async\" alt=\"YUNGAYINO.CL - El Portal de Yungay\" src=\"http:\/\/www.yungayino.cl\/2014\/myriamhernandez.jpg\" width=\"500\" height=\"200\" \/><\/p>\n<p><span style=\"font-size: small; font-family: arial,helvetica,sans-serif;\">Yungay, m\u00e1s de 7 mil personas llegaron al Recinto Trilaleo a ver anoche el show de Myriam Hern\u00e1ndez y Alejandro de Rosas, quienes cerraron la \u00faltima jornada de una exitosa Semana Yungayina 2014, que tuvo su m\u00e1ximo de asistencia el pasado s\u00e1bado 25 de enero con m\u00e1s de 16 mil personas. El show comenz\u00f3 a las 22:45 horas con la animaci\u00f3n de Manuel Guerrero, qui\u00e9n en primera instancia present\u00f3 al cantante nacional Alejandro de Rosas, qui\u00e9n se hizo conocido y popular por su single \u201cNo Quiero Verte As\u00ed\u201d. Luego fue el turno de la famosa cantante nacional Myriam Hern\u00e1ndez, ella cant\u00f3 por m\u00e1s de una hora ante sus fans e hizo un repaso por su gran trayectoria musical, donde el p\u00fablico presente core\u00f3 de principio a fin la presentaci\u00f3n de la artista y sus conocidas canciones como \u201cEl Hombre que yo Amo\u201d, \u201cM\u00edo\u201d, \u201cAy Amor\u201d entre otras.<strong> <\/strong>Al t\u00e9rmino del show, Myriam regal\u00f3 rosas blancas a un p\u00fablico agradecido por su bonito espect\u00e1culo. Una noche rom\u00e1ntica, nost\u00e1lgica y de gran calidad que los miles de asistentes supieron apreciar. Finalmente Myriam Hern\u00e1ndez pos\u00f3 para las c\u00e1maras del Portal Yungayino.cl y env\u00edo un saludo a todo el equipo, adem\u00e1s convers\u00f3 con el alcalde Pedro Inostroza, a qui\u00e9n le manifest\u00f3 su satisfacci\u00f3n por la buena acogida del p\u00fablico yungayino y la buena escenograf\u00eda con la pantalla Led, iluminaci\u00f3n y audio que en la suma dio por resultado un show impecable. Por su parte el edil le manifest\u00f3 y felicito por el buen show realizado en nuestra comuna, tambi\u00e9n el alcalde reitero sus felicitaciones al buen comportamiento del p\u00fablico que asisti\u00f3 en gran cantidad a todos los eventos y al personal de Carabineros y PDI por el apoyo brindado lo que permiti\u00f3 garantizar la seguridad de los asistentes.<\/span><\/p>\n<p><span style=\"font-size: small; font-family: arial,helvetica,sans-serif;\"><a href=\"https:\/\/www.facebook.com\/media\/set\/?set=a.787831724565202.1073742074.159561284058919&amp;type=3&amp;uploaded=90\">Fotograf\u00edas<\/a><\/span><\/p>\n<p><iframe loading=\"lazy\" src=\"http:\/\/www.youtube.com\/embed\/-pFjKozru0M\" height=\"350\" width=\"425\" frameborder=\"0\"><\/iframe><\/p>\n","protected":false},"excerpt":{"rendered":"<p>Yungay, m\u00e1s de 7 mil personas llegaron al Recinto Trilaleo a ver anoche el show de Myriam Hern\u00e1ndez y Alejandro de Rosas, quienes cerraron la \u00faltima jornada de una exitosa Semana Yungayina 2014, que&#46;&#46;&#46;<\/p>\n","protected":false},"author":2,"featured_media":16466,"comment_status":"open","ping_status":"open","sticky":false,"template":"","format":"standard","meta":{"footnotes":""},"categories":[5,1],"tags":[859,858,1115,8,838,6],"class_list":["post-10559","post","type-post","status-publish","format-standard","has-post-thumbnail","hentry","category-eventos","category-noticias","tag-alejandro-de-rosas","tag-myriam-hernandez","tag-noticias","tag-yungay","tag-yungayina-2014","tag-yungayino"],"_links":{"self":[{"href":"https:\/\/www.yungayino.cl\/noticias\/index.php?rest_route=\/wp\/v2\/posts\/10559","targetHints":{"allow":["GET"]}}],"collection":[{"href":"https:\/\/www.yungayino.cl\/noticias\/index.php?rest_route=\/wp\/v2\/posts"}],"about":[{"href":"https:\/\/www.yungayino.cl\/noticias\/index.php?rest_route=\/wp\/v2\/types\/post"}],"author":[{"embeddable":true,"href":"https:\/\/www.yungayino.cl\/noticias\/index.php?rest_route=\/wp\/v2\/users\/2"}],"replies":[{"embeddable":true,"href":"https:\/\/www.yungayino.cl\/noticias\/index.php?rest_route=%2Fwp%2Fv2%2Fcomments&post=10559"}],"version-history":[{"count":3,"href":"https:\/\/www.yungayino.cl\/noticias\/index.php?rest_route=\/wp\/v2\/posts\/10559\/revisions"}],"predecessor-version":[{"id":10562,"href":"https:\/\/www.yungayino.cl\/noticias\/index.php?rest_route=\/wp\/v2\/posts\/10559\/revisions\/10562"}],"wp:featuredmedia":[{"embeddable":true,"href":"https:\/\/www.yungayino.cl\/noticias\/index.php?rest_route=\/wp\/v2\/media\/16466"}],"wp:attachment":[{"href":"https:\/\/www.yungayino.cl\/noticias\/index.php?rest_route=%2Fwp%2Fv2%2Fmedia&parent=10559"}],"wp:term":[{"taxonomy":"category","embeddable":true,"href":"https:\/\/www.yungayino.cl\/noticias\/index.php?rest_route=%2Fwp%2Fv2%2Fcategories&post=10559"},{"taxonomy":"post_tag","embeddable":true,"href":"https:\/\/www.yungayino.cl\/noticias\/index.php?rest_route=%2Fwp%2Fv2%2Ftags&post=10559"}],"curies":[{"name":"wp","href":"https:\/\/api.w.org\/{rel}","templated":true}]}}