{"id":10565,"date":"2014-01-30T23:00:19","date_gmt":"2014-01-31T03:00:19","guid":{"rendered":"http:\/\/www.yungayino.cl\/noticias\/?p=10565"},"modified":"2014-01-31T22:56:08","modified_gmt":"2014-02-01T02:56:08","slug":"domaduras-extremas-de-potros-se-realizaron-en-medialuna-de-yungay","status":"publish","type":"post","link":"https:\/\/www.yungayino.cl\/noticias\/?p=10565","title":{"rendered":"Domaduras Extremas de Potros se Realizaron en Medialuna de Yungay"},"content":{"rendered":"<p><img loading=\"lazy\" decoding=\"async\" alt=\"YUNGAYINO.CL - El Portal de Yungay\" src=\"http:\/\/www.yungayino.cl\/2014\/domaduras201401.jpg\" width=\"500\" height=\"200\" \/><\/p>\n<p><span style=\"font-size: small; font-family: arial,helvetica,sans-serif;\">Yungay, con gran \u00e9xito y una muy buena asistencia de p\u00fablico se llevo a cabo el pasado domingo 26 de enero en la Medialuna de nuestra comuna las \u201cDomaduras Extremas de Potros\u201d, las cuales fueron organizada por el Club de Rodeo de Yungay y que cont\u00f3 con la colaboraci\u00f3n de la Ilustre Municipalidad y el Patrocinio de la Radio La Voz de Yungay. La jornada se desarrollo con mucho entusiasmo por parte de los jinetes que demostraron todas sus habilidades para domar a los potros y donde adem\u00e1s estuvo presente tambi\u00e9n la m\u00fasica donde se cont\u00f3 con la participaci\u00f3n de Lucecita Norte\u00f1a, Priscila Ana\u00eds, el doble de Vicente Fern\u00e1ndez, Eliseo Guevara y la animaci\u00f3n de Jaime Mora, adem\u00e1s de la destacada participaci\u00f3n de los Kuatreros de Paine.<\/span><\/p>\n<p><a href=\"https:\/\/www.facebook.com\/media\/set\/?set=a.790102344338140.1073742075.159561284058919&amp;type=3&amp;uploaded=66\"><span style=\"font-size: small; font-family: arial,helvetica,sans-serif;\">Fotograf\u00edas<\/span><\/a><\/p>\n","protected":false},"excerpt":{"rendered":"<p>Yungay, con gran \u00e9xito y una muy buena asistencia de p\u00fablico se llevo a cabo el pasado domingo 26 de enero en la Medialuna de nuestra comuna las \u201cDomaduras Extremas de Potros\u201d, las cuales&#46;&#46;&#46;<\/p>\n","protected":false},"author":2,"featured_media":16467,"comment_status":"open","ping_status":"open","sticky":false,"template":"","format":"standard","meta":{"footnotes":""},"categories":[1],"tags":[860,1115,8,6],"class_list":["post-10565","post","type-post","status-publish","format-standard","has-post-thumbnail","hentry","category-noticias","tag-domaduras","tag-noticias","tag-yungay","tag-yungayino"],"_links":{"self":[{"href":"https:\/\/www.yungayino.cl\/noticias\/index.php?rest_route=\/wp\/v2\/posts\/10565","targetHints":{"allow":["GET"]}}],"collection":[{"href":"https:\/\/www.yungayino.cl\/noticias\/index.php?rest_route=\/wp\/v2\/posts"}],"about":[{"href":"https:\/\/www.yungayino.cl\/noticias\/index.php?rest_route=\/wp\/v2\/types\/post"}],"author":[{"embeddable":true,"href":"https:\/\/www.yungayino.cl\/noticias\/index.php?rest_route=\/wp\/v2\/users\/2"}],"replies":[{"embeddable":true,"href":"https:\/\/www.yungayino.cl\/noticias\/index.php?rest_route=%2Fwp%2Fv2%2Fcomments&post=10565"}],"version-history":[{"count":2,"href":"https:\/\/www.yungayino.cl\/noticias\/index.php?rest_route=\/wp\/v2\/posts\/10565\/revisions"}],"predecessor-version":[{"id":10567,"href":"https:\/\/www.yungayino.cl\/noticias\/index.php?rest_route=\/wp\/v2\/posts\/10565\/revisions\/10567"}],"wp:featuredmedia":[{"embeddable":true,"href":"https:\/\/www.yungayino.cl\/noticias\/index.php?rest_route=\/wp\/v2\/media\/16467"}],"wp:attachment":[{"href":"https:\/\/www.yungayino.cl\/noticias\/index.php?rest_route=%2Fwp%2Fv2%2Fmedia&parent=10565"}],"wp:term":[{"taxonomy":"category","embeddable":true,"href":"https:\/\/www.yungayino.cl\/noticias\/index.php?rest_route=%2Fwp%2Fv2%2Fcategories&post=10565"},{"taxonomy":"post_tag","embeddable":true,"href":"https:\/\/www.yungayino.cl\/noticias\/index.php?rest_route=%2Fwp%2Fv2%2Ftags&post=10565"}],"curies":[{"name":"wp","href":"https:\/\/api.w.org\/{rel}","templated":true}]}}