{"id":10571,"date":"2014-01-31T23:23:02","date_gmt":"2014-02-01T03:23:02","guid":{"rendered":"http:\/\/www.yungayino.cl\/noticias\/?p=10571"},"modified":"2014-01-31T23:23:02","modified_gmt":"2014-02-01T03:23:02","slug":"pangal-del-laja-festejara-a-la-virgen-de-la-candelaria","status":"publish","type":"post","link":"https:\/\/www.yungayino.cl\/noticias\/?p=10571","title":{"rendered":"Pangal del Laja Festejar\u00e1 a la Virgen de la Candelaria"},"content":{"rendered":"<p><img loading=\"lazy\" decoding=\"async\" alt=\"YUNGAYINO.CL - El Portal de Yungay\" src=\"http:\/\/www.yungayino.cl\/imagenes\/candelaria.jpg\" width=\"500\" height=\"200\" \/><\/p>\n<p><span style=\"font-size: small; font-family: arial,helvetica,sans-serif;\">Yungay, la comunidad de Pangal del Laja como es tradicional organizara este 1, 2 y 3 de febrero la Gran Fiesta Religiosa a la Virgen de la Candelaria, la cual se iniciara este s\u00e1bado 01 de febrero a partir de las 21:00 horas con una Misa en la Capilla de Pangal del Laja, para luego realizar una procesi\u00f3n y bendici\u00f3n. Finalizada esta actividad religiosa a las doce de la noche se inaugurar\u00e1 la gran ramada y cociner\u00eda oficial ubicada en el complejo deportivo, el cu\u00e1l tambi\u00e9n inaugurar\u00e1 su iluminaci\u00f3n. Para el d\u00eda domingo 02 y lunes 03, est\u00e1n contempladas las grandes carreras a la chilena durante todo el d\u00eda y para la noche el gran baile. Finalmente el Sacerdote Juan Ignacio Campos Alarc\u00f3n converso con el Equipo del Portal Yungayino.cl y recorri\u00f3 las instalaciones donde est\u00e1n prepar\u00e1ndose para recibir de muy buena manera a los visitantes y reitero el llamado a participar y disfrutar en familia de esta tradicional fiesta religiosa, adem\u00e1s de las actividades criollas como las grandes carreras a la chilena y el gran baile.<\/span><\/p>\n<p><span style=\"font-size: small; font-family: arial,helvetica,sans-serif;\"><a href=\"https:\/\/www.facebook.com\/media\/set\/?set=a.790112071003834.1073742077.159561284058919&amp;type=3&amp;uploaded=14\">Fotograf\u00edas<\/a><\/span><\/p>\n","protected":false},"excerpt":{"rendered":"<p>Yungay, la comunidad de Pangal del Laja como es tradicional organizara este 1, 2 y 3 de febrero la Gran Fiesta Religiosa a la Virgen de la Candelaria, la cual se iniciara este s\u00e1bado&#46;&#46;&#46;<\/p>\n","protected":false},"author":2,"featured_media":16469,"comment_status":"open","ping_status":"open","sticky":false,"template":"","format":"standard","meta":{"footnotes":""},"categories":[1],"tags":[161,1115,426,8,6],"class_list":["post-10571","post","type-post","status-publish","format-standard","has-post-thumbnail","hentry","category-noticias","tag-fiesta-de-la-candelaria","tag-noticias","tag-pangal-de-laja","tag-yungay","tag-yungayino"],"_links":{"self":[{"href":"https:\/\/www.yungayino.cl\/noticias\/index.php?rest_route=\/wp\/v2\/posts\/10571","targetHints":{"allow":["GET"]}}],"collection":[{"href":"https:\/\/www.yungayino.cl\/noticias\/index.php?rest_route=\/wp\/v2\/posts"}],"about":[{"href":"https:\/\/www.yungayino.cl\/noticias\/index.php?rest_route=\/wp\/v2\/types\/post"}],"author":[{"embeddable":true,"href":"https:\/\/www.yungayino.cl\/noticias\/index.php?rest_route=\/wp\/v2\/users\/2"}],"replies":[{"embeddable":true,"href":"https:\/\/www.yungayino.cl\/noticias\/index.php?rest_route=%2Fwp%2Fv2%2Fcomments&post=10571"}],"version-history":[{"count":2,"href":"https:\/\/www.yungayino.cl\/noticias\/index.php?rest_route=\/wp\/v2\/posts\/10571\/revisions"}],"predecessor-version":[{"id":10573,"href":"https:\/\/www.yungayino.cl\/noticias\/index.php?rest_route=\/wp\/v2\/posts\/10571\/revisions\/10573"}],"wp:featuredmedia":[{"embeddable":true,"href":"https:\/\/www.yungayino.cl\/noticias\/index.php?rest_route=\/wp\/v2\/media\/16469"}],"wp:attachment":[{"href":"https:\/\/www.yungayino.cl\/noticias\/index.php?rest_route=%2Fwp%2Fv2%2Fmedia&parent=10571"}],"wp:term":[{"taxonomy":"category","embeddable":true,"href":"https:\/\/www.yungayino.cl\/noticias\/index.php?rest_route=%2Fwp%2Fv2%2Fcategories&post=10571"},{"taxonomy":"post_tag","embeddable":true,"href":"https:\/\/www.yungayino.cl\/noticias\/index.php?rest_route=%2Fwp%2Fv2%2Ftags&post=10571"}],"curies":[{"name":"wp","href":"https:\/\/api.w.org\/{rel}","templated":true}]}}