{"id":10581,"date":"2014-02-02T23:00:34","date_gmt":"2014-02-03T03:00:34","guid":{"rendered":"http:\/\/www.yungayino.cl\/noticias\/?p=10581"},"modified":"2014-02-03T18:52:54","modified_gmt":"2014-02-03T22:52:54","slug":"fiesta-de-la-virgen-de-la-candelaria-en-pangal-del-laja","status":"publish","type":"post","link":"https:\/\/www.yungayino.cl\/noticias\/?p=10581","title":{"rendered":"Fiesta de la Virgen de la Candelaria en Pangal del Laja"},"content":{"rendered":"<p><img loading=\"lazy\" decoding=\"async\" alt=\"YUNGAYINO.CL - El Portal de Yungay\" src=\"http:\/\/www.yungayino.cl\/2014\/pangalfiestacandelaria.jpg\" width=\"500\" height=\"200\" \/><\/p>\n<p>&nbsp;<\/p>\n<p><span style=\"font-size: small; font-family: arial,helvetica,sans-serif;\">Yungay, la comunidad de Pangal del Laja como es tradicional organiz\u00f3 este 1, 2 y 3 de febrero la Gran Fiesta Religiosa a la Virgen de la Candelaria, la cual se inicio este s\u00e1bado 01 de febrero a partir de las 21:00 horas con una Misa en la Capilla de Pangal del Laja, liderada por el Sacerdote Juan Ignacio Campos Alarc\u00f3n, terminada la misa los fieles y asistentes participaron de una procesi\u00f3n con la imagen de la Virgen de la Candelaria, la cu\u00e1l fue instalada en un lugar preparado para la ocasi\u00f3n. Finalizada esta actividad religiosa se inauguraron las ramadas y cociner\u00edas especialmente instaladas para atender al p\u00fablico que llego al primer d\u00eda de fiesta. Destacar que en el segundo d\u00eda de fiesta, espec\u00edficamente el domingo 02 de febrero m\u00e1s de 3000 veh\u00edculos llegaron de diferentes puntos de la regi\u00f3n, lo que signific\u00f3 una alt\u00edsima concurrencia de p\u00fablico que durante el d\u00eda disfrutaron en familia de las tradicionales carreras a la chilena y la comida t\u00edpica destac\u00e1ndose las empanadas, asado de cordero, anticuchos, entre otros. Tambi\u00e9n y durante las 2 noches de fiesta el p\u00fablico concurri\u00f3 en gran cantidad a disfrutar de las ramadas instaladas especialmente para la ocasi\u00f3n donde bailaron y compartieron en familia.<\/span><\/p>\n<p><span style=\"font-size: small; font-family: arial,helvetica,sans-serif;\"><a href=\"https:\/\/www.facebook.com\/media\/set\/?set=a.791711054177269.1073742080.159561284058919&amp;type=3&amp;uploaded=72\">Fotograf\u00edas<\/a><\/span><\/p>\n","protected":false},"excerpt":{"rendered":"<p>&nbsp; Yungay, la comunidad de Pangal del Laja como es tradicional organiz\u00f3 este 1, 2 y 3 de febrero la Gran Fiesta Religiosa a la Virgen de la Candelaria, la cual se inicio este&#46;&#46;&#46;<\/p>\n","protected":false},"author":2,"featured_media":16472,"comment_status":"open","ping_status":"open","sticky":false,"template":"","format":"standard","meta":{"footnotes":""},"categories":[1],"tags":[862,1115,162,8,6],"class_list":["post-10581","post","type-post","status-publish","format-standard","has-post-thumbnail","hentry","category-noticias","tag-fieta-de-la-virgen-de-la-candelaria","tag-noticias","tag-pangal-del-laja","tag-yungay","tag-yungayino"],"_links":{"self":[{"href":"https:\/\/www.yungayino.cl\/noticias\/index.php?rest_route=\/wp\/v2\/posts\/10581","targetHints":{"allow":["GET"]}}],"collection":[{"href":"https:\/\/www.yungayino.cl\/noticias\/index.php?rest_route=\/wp\/v2\/posts"}],"about":[{"href":"https:\/\/www.yungayino.cl\/noticias\/index.php?rest_route=\/wp\/v2\/types\/post"}],"author":[{"embeddable":true,"href":"https:\/\/www.yungayino.cl\/noticias\/index.php?rest_route=\/wp\/v2\/users\/2"}],"replies":[{"embeddable":true,"href":"https:\/\/www.yungayino.cl\/noticias\/index.php?rest_route=%2Fwp%2Fv2%2Fcomments&post=10581"}],"version-history":[{"count":5,"href":"https:\/\/www.yungayino.cl\/noticias\/index.php?rest_route=\/wp\/v2\/posts\/10581\/revisions"}],"predecessor-version":[{"id":10588,"href":"https:\/\/www.yungayino.cl\/noticias\/index.php?rest_route=\/wp\/v2\/posts\/10581\/revisions\/10588"}],"wp:featuredmedia":[{"embeddable":true,"href":"https:\/\/www.yungayino.cl\/noticias\/index.php?rest_route=\/wp\/v2\/media\/16472"}],"wp:attachment":[{"href":"https:\/\/www.yungayino.cl\/noticias\/index.php?rest_route=%2Fwp%2Fv2%2Fmedia&parent=10581"}],"wp:term":[{"taxonomy":"category","embeddable":true,"href":"https:\/\/www.yungayino.cl\/noticias\/index.php?rest_route=%2Fwp%2Fv2%2Fcategories&post=10581"},{"taxonomy":"post_tag","embeddable":true,"href":"https:\/\/www.yungayino.cl\/noticias\/index.php?rest_route=%2Fwp%2Fv2%2Ftags&post=10581"}],"curies":[{"name":"wp","href":"https:\/\/api.w.org\/{rel}","templated":true}]}}