{"id":10598,"date":"2014-02-04T16:00:44","date_gmt":"2014-02-04T20:00:44","guid":{"rendered":"http:\/\/www.yungayino.cl\/noticias\/?p=10598"},"modified":"2014-02-04T22:09:39","modified_gmt":"2014-02-05T02:09:39","slug":"en-yungay-inauguran-xii-version-de-la-feria-costumbrista","status":"publish","type":"post","link":"https:\/\/www.yungayino.cl\/noticias\/?p=10598","title":{"rendered":"En Yungay Inauguran XII versi\u00f3n de la Feria Costumbrista"},"content":{"rendered":"<p><img loading=\"lazy\" decoding=\"async\" alt=\"YUNGAYINO.CL - El Portal de Yungay\" src=\"http:\/\/www.yungayino.cl\/2014\/inauguracionferia2014.jpg\" width=\"500\" height=\"200\" \/><\/p>\n<p><span style=\"font-size: small; font-family: arial,helvetica,sans-serif;\">Yungay martes 04 de febrero 2014, como ya es tradici\u00f3n al mediod\u00eda de hoy se realizo con un acto la inauguraci\u00f3n de la XII \u00a0Feria Costumbrista, el cual cont\u00f3 con la participaci\u00f3n del Grupo Folcl\u00f3rico Pasi\u00f3n Cuequera y estuvo encabezado por el alcalde Pedro Inostroza, Concejales y Autoridades Locales, quienes realizaron el tradicional corte de cinta, para finalizar con un recorrido por los Stand y luego compartir un coctel. Destacar que la feria se llevar\u00e1 a cabo desde el 03 al 09 de febrero en la Plaza Iquique de nuestra ciudad, siendo esta una gran oportunidad de mantener nuestras costumbres y tradiciones, adem\u00e1s se\u00f1alar que durante el d\u00eda se podr\u00e1 contar con diferentes stand, donde se podr\u00e1 disfrutar de platos t\u00edpicos, artesan\u00eda, muebles, chocolates, jugos, licores, manualidades. Cabe recordar que todos los d\u00edas habr\u00e1 show art\u00edstico a partir de las 22:00 horas. Finalmente el alcalde Pedro Inostroza hizo un llamado a los yungayinos y visitantes a compartir en familia y a disfrutar de esta tradicional feria, tambi\u00e9n invito a los amantes del f\u00fatbol para que asistan hoy a las 20:00 horas a la inauguraci\u00f3n del Campeonato River Cup que se realizar\u00e1 en el Estadio Municipal.<\/span><\/p>\n<p><a href=\"https:\/\/www.facebook.com\/media\/set\/?set=a.792326654115709.1073742082.159561284058919&amp;type=3&amp;uploaded=114\"><span style=\"font-size: small; font-family: arial,helvetica,sans-serif;\">Fotograf\u00edas<\/span><\/a><\/p>\n","protected":false},"excerpt":{"rendered":"<p>Yungay martes 04 de febrero 2014, como ya es tradici\u00f3n al mediod\u00eda de hoy se realizo con un acto la inauguraci\u00f3n de la XII \u00a0Feria Costumbrista, el cual cont\u00f3 con la participaci\u00f3n del Grupo&#46;&#46;&#46;<\/p>\n","protected":false},"author":2,"featured_media":16476,"comment_status":"open","ping_status":"open","sticky":false,"template":"","format":"standard","meta":{"footnotes":""},"categories":[1],"tags":[24,1115,8,6],"class_list":["post-10598","post","type-post","status-publish","format-standard","has-post-thumbnail","hentry","category-noticias","tag-feria-costumbrista","tag-noticias","tag-yungay","tag-yungayino"],"_links":{"self":[{"href":"https:\/\/www.yungayino.cl\/noticias\/index.php?rest_route=\/wp\/v2\/posts\/10598","targetHints":{"allow":["GET"]}}],"collection":[{"href":"https:\/\/www.yungayino.cl\/noticias\/index.php?rest_route=\/wp\/v2\/posts"}],"about":[{"href":"https:\/\/www.yungayino.cl\/noticias\/index.php?rest_route=\/wp\/v2\/types\/post"}],"author":[{"embeddable":true,"href":"https:\/\/www.yungayino.cl\/noticias\/index.php?rest_route=\/wp\/v2\/users\/2"}],"replies":[{"embeddable":true,"href":"https:\/\/www.yungayino.cl\/noticias\/index.php?rest_route=%2Fwp%2Fv2%2Fcomments&post=10598"}],"version-history":[{"count":1,"href":"https:\/\/www.yungayino.cl\/noticias\/index.php?rest_route=\/wp\/v2\/posts\/10598\/revisions"}],"predecessor-version":[{"id":10599,"href":"https:\/\/www.yungayino.cl\/noticias\/index.php?rest_route=\/wp\/v2\/posts\/10598\/revisions\/10599"}],"wp:featuredmedia":[{"embeddable":true,"href":"https:\/\/www.yungayino.cl\/noticias\/index.php?rest_route=\/wp\/v2\/media\/16476"}],"wp:attachment":[{"href":"https:\/\/www.yungayino.cl\/noticias\/index.php?rest_route=%2Fwp%2Fv2%2Fmedia&parent=10598"}],"wp:term":[{"taxonomy":"category","embeddable":true,"href":"https:\/\/www.yungayino.cl\/noticias\/index.php?rest_route=%2Fwp%2Fv2%2Fcategories&post=10598"},{"taxonomy":"post_tag","embeddable":true,"href":"https:\/\/www.yungayino.cl\/noticias\/index.php?rest_route=%2Fwp%2Fv2%2Ftags&post=10598"}],"curies":[{"name":"wp","href":"https:\/\/api.w.org\/{rel}","templated":true}]}}