{"id":10611,"date":"2014-02-05T11:00:16","date_gmt":"2014-02-05T15:00:16","guid":{"rendered":"http:\/\/www.yungayino.cl\/noticias\/?p=10611"},"modified":"2014-02-07T13:44:11","modified_gmt":"2014-02-07T17:44:11","slug":"se-dio-inicio-al-show-artistico-en-la-feria-costumbrista-de-yungay","status":"publish","type":"post","link":"https:\/\/www.yungayino.cl\/noticias\/?p=10611","title":{"rendered":"Se dio Inicio al Show Art\u00edstico en la Feria Costumbrista de Yungay"},"content":{"rendered":"<p><img loading=\"lazy\" decoding=\"async\" alt=\"YUNGAYINO.CL - El Portal de Yungay\" src=\"http:\/\/www.yungayino.cl\/2014\/halconesnegrosferia.jpg\" width=\"500\" height=\"200\" \/><\/p>\n<p>Yungay\u00a0martes 04 de febrero a partir de las 22:00 horas, se dio inicio a la primera noche de show art\u00edstico de la Feria Costumbrista en su d\u00e9cima segunda versi\u00f3n, la cu\u00e1l cont\u00f3 con la animaci\u00f3n de Yanet Navarrete y Mario Salinas. En esta primera jornada se realiz\u00f3 un espect\u00e1culo donde participaron Los Halcones Negros, los payadores encabezados por Fernando Y\u00e1\u00f1ez, Fabiola Gonz\u00e1lez y el Grupo \u201cSeis para el Folclor\u201d.Tambi\u00e9n cientos de personas recorrieron los stand que ofrec\u00edan artesan\u00eda, muebles, chocolates, jugos, licores etc., adem\u00e1s de las cociner\u00edas instaladas en la cancha del sal\u00f3n multiuso, las cuales atendieron al p\u00fablico con las ricas empanadas, pastel de choclo y humitas, entre otros. Cabe recordar que todos los d\u00edas habr\u00e1 show art\u00edstico a partir de las 22:00 horas y donde este mi\u00e9rcoles 05 se presentar\u00e1n el Conjunto Folcl\u00f3rico de nuestra comuna Mapuketr\u00e1n, Los Adultos Mayores, El Rolo, entre otros.<\/p>\n<p><a href=\"https:\/\/www.facebook.com\/media\/set\/?set=a.792716964076678.1073742085.159561284058919&amp;type=3&amp;uploaded=75\">Fotograf\u00edas<\/a><\/p>\n","protected":false},"excerpt":{"rendered":"<p>Yungay\u00a0martes 04 de febrero a partir de las 22:00 horas, se dio inicio a la primera noche de show art\u00edstico de la Feria Costumbrista en su d\u00e9cima segunda versi\u00f3n, la cu\u00e1l cont\u00f3 con la&#46;&#46;&#46;<\/p>\n","protected":false},"author":2,"featured_media":16479,"comment_status":"open","ping_status":"open","sticky":false,"template":"","format":"standard","meta":{"footnotes":""},"categories":[1],"tags":[24,1115,8,6],"class_list":["post-10611","post","type-post","status-publish","format-standard","has-post-thumbnail","hentry","category-noticias","tag-feria-costumbrista","tag-noticias","tag-yungay","tag-yungayino"],"_links":{"self":[{"href":"https:\/\/www.yungayino.cl\/noticias\/index.php?rest_route=\/wp\/v2\/posts\/10611","targetHints":{"allow":["GET"]}}],"collection":[{"href":"https:\/\/www.yungayino.cl\/noticias\/index.php?rest_route=\/wp\/v2\/posts"}],"about":[{"href":"https:\/\/www.yungayino.cl\/noticias\/index.php?rest_route=\/wp\/v2\/types\/post"}],"author":[{"embeddable":true,"href":"https:\/\/www.yungayino.cl\/noticias\/index.php?rest_route=\/wp\/v2\/users\/2"}],"replies":[{"embeddable":true,"href":"https:\/\/www.yungayino.cl\/noticias\/index.php?rest_route=%2Fwp%2Fv2%2Fcomments&post=10611"}],"version-history":[{"count":3,"href":"https:\/\/www.yungayino.cl\/noticias\/index.php?rest_route=\/wp\/v2\/posts\/10611\/revisions"}],"predecessor-version":[{"id":10623,"href":"https:\/\/www.yungayino.cl\/noticias\/index.php?rest_route=\/wp\/v2\/posts\/10611\/revisions\/10623"}],"wp:featuredmedia":[{"embeddable":true,"href":"https:\/\/www.yungayino.cl\/noticias\/index.php?rest_route=\/wp\/v2\/media\/16479"}],"wp:attachment":[{"href":"https:\/\/www.yungayino.cl\/noticias\/index.php?rest_route=%2Fwp%2Fv2%2Fmedia&parent=10611"}],"wp:term":[{"taxonomy":"category","embeddable":true,"href":"https:\/\/www.yungayino.cl\/noticias\/index.php?rest_route=%2Fwp%2Fv2%2Fcategories&post=10611"},{"taxonomy":"post_tag","embeddable":true,"href":"https:\/\/www.yungayino.cl\/noticias\/index.php?rest_route=%2Fwp%2Fv2%2Ftags&post=10611"}],"curies":[{"name":"wp","href":"https:\/\/api.w.org\/{rel}","templated":true}]}}