{"id":10614,"date":"2014-02-06T14:00:36","date_gmt":"2014-02-06T18:00:36","guid":{"rendered":"http:\/\/www.yungayino.cl\/noticias\/?p=10614"},"modified":"2014-02-06T20:18:56","modified_gmt":"2014-02-07T00:18:56","slug":"se-realiza-feria-agro-forestal-en-yungay","status":"publish","type":"post","link":"https:\/\/www.yungayino.cl\/noticias\/?p=10614","title":{"rendered":"Se Realiza Feria Agro Forestal en Yungay"},"content":{"rendered":"<p><img loading=\"lazy\" decoding=\"async\" alt=\"YUNGAYINO.CL - El Portal de Yungay\" src=\"http:\/\/www.yungayino.cl\/2014\/feriaagroindustrial2014.jpg\" width=\"500\" height=\"200\" \/><\/p>\n<p><span style=\"font-size: small; font-family: arial,helvetica,sans-serif;\">Yungay jueves 06 de febrero, con la presencia del alcalde Pedro Inostroza y la concejala Ang\u00e9lica Cabezas se inicio a la Feria Agro Forestal ubicada en la Plaza Iquique de nuestra comuna, donde el p\u00fablico puede visitar las nuevas tecnolog\u00edas en variadas marcas de maquinarias tanto del rubro forestal como agr\u00edcola, adem\u00e1s de insumos, productos y servicios atendidos por los propios expositores. Se\u00f1alar que durante el d\u00eda de hoy destac\u00f3 la habilidad del representante de la motosierras Husqvarna, quien mostr\u00f3 su habilidad realizando una hermosa escultura en madera. Finalmente mencionar que la feria cont\u00f3 con el apoyo de Banco del Estado y la Ilustre Municipalidad. La exposici\u00f3n se extender\u00e1 hasta ma\u00f1ana.<\/span><\/p>\n<p><a href=\"https:\/\/www.facebook.com\/media\/set\/?set=a.793516270663414.1073742086.159561284058919&amp;type=3\"><span style=\"font-size: small; font-family: arial,helvetica,sans-serif;\">Fotograf\u00edas<\/span><\/a><\/p>\n","protected":false},"excerpt":{"rendered":"<p>Yungay jueves 06 de febrero, con la presencia del alcalde Pedro Inostroza y la concejala Ang\u00e9lica Cabezas se inicio a la Feria Agro Forestal ubicada en la Plaza Iquique de nuestra comuna, donde el&#46;&#46;&#46;<\/p>\n","protected":false},"author":2,"featured_media":16480,"comment_status":"open","ping_status":"open","sticky":false,"template":"","format":"standard","meta":{"footnotes":""},"categories":[1],"tags":[481,1115,8,6],"class_list":["post-10614","post","type-post","status-publish","format-standard","has-post-thumbnail","hentry","category-noticias","tag-feria-agro-forestal","tag-noticias","tag-yungay","tag-yungayino"],"_links":{"self":[{"href":"https:\/\/www.yungayino.cl\/noticias\/index.php?rest_route=\/wp\/v2\/posts\/10614","targetHints":{"allow":["GET"]}}],"collection":[{"href":"https:\/\/www.yungayino.cl\/noticias\/index.php?rest_route=\/wp\/v2\/posts"}],"about":[{"href":"https:\/\/www.yungayino.cl\/noticias\/index.php?rest_route=\/wp\/v2\/types\/post"}],"author":[{"embeddable":true,"href":"https:\/\/www.yungayino.cl\/noticias\/index.php?rest_route=\/wp\/v2\/users\/2"}],"replies":[{"embeddable":true,"href":"https:\/\/www.yungayino.cl\/noticias\/index.php?rest_route=%2Fwp%2Fv2%2Fcomments&post=10614"}],"version-history":[{"count":2,"href":"https:\/\/www.yungayino.cl\/noticias\/index.php?rest_route=\/wp\/v2\/posts\/10614\/revisions"}],"predecessor-version":[{"id":10616,"href":"https:\/\/www.yungayino.cl\/noticias\/index.php?rest_route=\/wp\/v2\/posts\/10614\/revisions\/10616"}],"wp:featuredmedia":[{"embeddable":true,"href":"https:\/\/www.yungayino.cl\/noticias\/index.php?rest_route=\/wp\/v2\/media\/16480"}],"wp:attachment":[{"href":"https:\/\/www.yungayino.cl\/noticias\/index.php?rest_route=%2Fwp%2Fv2%2Fmedia&parent=10614"}],"wp:term":[{"taxonomy":"category","embeddable":true,"href":"https:\/\/www.yungayino.cl\/noticias\/index.php?rest_route=%2Fwp%2Fv2%2Fcategories&post=10614"},{"taxonomy":"post_tag","embeddable":true,"href":"https:\/\/www.yungayino.cl\/noticias\/index.php?rest_route=%2Fwp%2Fv2%2Ftags&post=10614"}],"curies":[{"name":"wp","href":"https:\/\/api.w.org\/{rel}","templated":true}]}}