{"id":10617,"date":"2014-02-06T18:00:11","date_gmt":"2014-02-06T22:00:11","guid":{"rendered":"http:\/\/www.yungayino.cl\/noticias\/?p=10617"},"modified":"2014-02-06T20:23:26","modified_gmt":"2014-02-07T00:23:26","slug":"segunda-noche-de-feria-costumbrista-2014-en-yungay","status":"publish","type":"post","link":"https:\/\/www.yungayino.cl\/noticias\/?p=10617","title":{"rendered":"Segunda Noche de Feria Costumbrista 2014 en Yungay"},"content":{"rendered":"<p><img loading=\"lazy\" decoding=\"async\" alt=\"YUNGAYINO.CL - El Portal de Yungay\" src=\"http:\/\/www.yungayino.cl\/2014\/mapuketran201402.jpg\" width=\"500\" height=\"200\" \/><\/p>\n<p><span style=\"font-size: small; font-family: arial,helvetica,sans-serif;\">Yungay, jueves 06 de febrero se llev\u00f3 a cabo una nueva jornada de la Feria Costumbrista, donde el p\u00fablico pudo disfrutar de la presentaci\u00f3n del Conjunto Folcl\u00f3rico \u00a0\u201cMapuketr\u00e1n\u201d de Yungay, tambi\u00e9n los Adultos Mayores tuvieron su espacio mostrando n\u00fameros musicales aprendidos en los talleres que realizan durante el a\u00f1o. Adem\u00e1s del humor a cargo de \u201cEl Rolo\u201d, qui\u00e9n fue el encargado de sacar m\u00e1s de una carcajada a los cientos de asistentes al evento. Finalmente subi\u00f3 al escenario el Grupo chillanejo los \u201cGuatones Leales\u201d.<\/span><\/p>\n<p><span style=\"font-size: small; font-family: arial,helvetica,sans-serif;\"><a href=\"https:\/\/www.facebook.com\/media\/set\/?set=a.793519967329711.1073742087.159561284058919&amp;type=3\">Fotograf\u00edas<\/a><\/span><\/p>\n","protected":false},"excerpt":{"rendered":"<p>Yungay, jueves 06 de febrero se llev\u00f3 a cabo una nueva jornada de la Feria Costumbrista, donde el p\u00fablico pudo disfrutar de la presentaci\u00f3n del Conjunto Folcl\u00f3rico \u00a0\u201cMapuketr\u00e1n\u201d de Yungay, tambi\u00e9n los Adultos Mayores&#46;&#46;&#46;<\/p>\n","protected":false},"author":2,"featured_media":16481,"comment_status":"open","ping_status":"open","sticky":false,"template":"","format":"standard","meta":{"footnotes":""},"categories":[1],"tags":[24,1115,8,6],"class_list":["post-10617","post","type-post","status-publish","format-standard","has-post-thumbnail","hentry","category-noticias","tag-feria-costumbrista","tag-noticias","tag-yungay","tag-yungayino"],"_links":{"self":[{"href":"https:\/\/www.yungayino.cl\/noticias\/index.php?rest_route=\/wp\/v2\/posts\/10617","targetHints":{"allow":["GET"]}}],"collection":[{"href":"https:\/\/www.yungayino.cl\/noticias\/index.php?rest_route=\/wp\/v2\/posts"}],"about":[{"href":"https:\/\/www.yungayino.cl\/noticias\/index.php?rest_route=\/wp\/v2\/types\/post"}],"author":[{"embeddable":true,"href":"https:\/\/www.yungayino.cl\/noticias\/index.php?rest_route=\/wp\/v2\/users\/2"}],"replies":[{"embeddable":true,"href":"https:\/\/www.yungayino.cl\/noticias\/index.php?rest_route=%2Fwp%2Fv2%2Fcomments&post=10617"}],"version-history":[{"count":2,"href":"https:\/\/www.yungayino.cl\/noticias\/index.php?rest_route=\/wp\/v2\/posts\/10617\/revisions"}],"predecessor-version":[{"id":10619,"href":"https:\/\/www.yungayino.cl\/noticias\/index.php?rest_route=\/wp\/v2\/posts\/10617\/revisions\/10619"}],"wp:featuredmedia":[{"embeddable":true,"href":"https:\/\/www.yungayino.cl\/noticias\/index.php?rest_route=\/wp\/v2\/media\/16481"}],"wp:attachment":[{"href":"https:\/\/www.yungayino.cl\/noticias\/index.php?rest_route=%2Fwp%2Fv2%2Fmedia&parent=10617"}],"wp:term":[{"taxonomy":"category","embeddable":true,"href":"https:\/\/www.yungayino.cl\/noticias\/index.php?rest_route=%2Fwp%2Fv2%2Fcategories&post=10617"},{"taxonomy":"post_tag","embeddable":true,"href":"https:\/\/www.yungayino.cl\/noticias\/index.php?rest_route=%2Fwp%2Fv2%2Ftags&post=10617"}],"curies":[{"name":"wp","href":"https:\/\/api.w.org\/{rel}","templated":true}]}}