{"id":10624,"date":"2014-02-07T13:00:51","date_gmt":"2014-02-07T17:00:51","guid":{"rendered":"http:\/\/www.yungayino.cl\/noticias\/?p=10624"},"modified":"2014-02-07T16:18:41","modified_gmt":"2014-02-07T20:18:41","slug":"tercera-noche-feria-costumbrista-yungay-2014","status":"publish","type":"post","link":"https:\/\/www.yungayino.cl\/noticias\/?p=10624","title":{"rendered":"Tercera Noche Feria Costumbrista Yungay 2014"},"content":{"rendered":"<p><img loading=\"lazy\" decoding=\"async\" alt=\"YUNGAYINO.CL - El Portal de Yungay\" src=\"http:\/\/www.yungayino.cl\/2014\/amorjovenferia.jpg\" width=\"500\" height=\"200\" \/><\/p>\n<p><span style=\"font-size: small; font-family: arial,helvetica,sans-serif;\">Yungay, jueves 06 de febrero 2014 se llev\u00f3 a cabo una nueva jornada de la Feria Costumbrista 2014, con la animaci\u00f3n de Yanet Navarrete y Mario Salinas. La jornada comenz\u00f3 con la participaci\u00f3n de <b>\u201cAmor Joven\u201d,<\/b> agrupaci\u00f3n compuesta por j\u00f3venes talentos de nuestra comuna, para luego continuar con el Conjunto Folcl\u00f3rico <b>\u201cVoces del R\u00edo\u201d. <\/b>Continuando con el show y lo m\u00e1s esperado por el p\u00fablico presente fue la destacada participaci\u00f3n de \u00a0<b>\u201cLos Rancheros del Lago Villarrica\u201d,<\/b> d\u00fao compuesto por los hermanos gemelos Jhojan &amp; Josepth y que en la actualidad son los m\u00e1s importantes de la m\u00fasica popular, qui\u00e9nes con su alegre m\u00fasica hicieron participar y bailar a los asistentes. Finalmente mencionar que para el viernes 07 se contar\u00e1 con la participaci\u00f3n de Pasi\u00f3n Cuequera, Tributo a Tito Fern\u00e1ndez, Lautaro estar\u00e1 a cargo del Humor y Los Sayas. E d\u00eda s\u00e1bado 8 estar\u00e1 Sol y Media Noche, Danzares Latinoamericano y Los Cumbiancheros.<\/span><\/p>\n<p><a href=\"https:\/\/www.facebook.com\/media\/set\/?set=a.793935517288156.1073742089.159561284058919&amp;type=3&amp;uploaded=96\"><span style=\"font-size: small; font-family: arial,helvetica,sans-serif;\">Fotograf\u00edas<\/span><\/a><\/p>\n","protected":false},"excerpt":{"rendered":"<p>Yungay, jueves 06 de febrero 2014 se llev\u00f3 a cabo una nueva jornada de la Feria Costumbrista 2014, con la animaci\u00f3n de Yanet Navarrete y Mario Salinas. La jornada comenz\u00f3 con la participaci\u00f3n de&#46;&#46;&#46;<\/p>\n","protected":false},"author":2,"featured_media":16483,"comment_status":"open","ping_status":"open","sticky":false,"template":"","format":"standard","meta":{"footnotes":""},"categories":[32],"tags":[848,24,1115,8,6],"class_list":["post-10624","post","type-post","status-publish","format-standard","has-post-thumbnail","hentry","category-servicios","tag-amor-joven","tag-feria-costumbrista","tag-noticias","tag-yungay","tag-yungayino"],"_links":{"self":[{"href":"https:\/\/www.yungayino.cl\/noticias\/index.php?rest_route=\/wp\/v2\/posts\/10624","targetHints":{"allow":["GET"]}}],"collection":[{"href":"https:\/\/www.yungayino.cl\/noticias\/index.php?rest_route=\/wp\/v2\/posts"}],"about":[{"href":"https:\/\/www.yungayino.cl\/noticias\/index.php?rest_route=\/wp\/v2\/types\/post"}],"author":[{"embeddable":true,"href":"https:\/\/www.yungayino.cl\/noticias\/index.php?rest_route=\/wp\/v2\/users\/2"}],"replies":[{"embeddable":true,"href":"https:\/\/www.yungayino.cl\/noticias\/index.php?rest_route=%2Fwp%2Fv2%2Fcomments&post=10624"}],"version-history":[{"count":2,"href":"https:\/\/www.yungayino.cl\/noticias\/index.php?rest_route=\/wp\/v2\/posts\/10624\/revisions"}],"predecessor-version":[{"id":10626,"href":"https:\/\/www.yungayino.cl\/noticias\/index.php?rest_route=\/wp\/v2\/posts\/10624\/revisions\/10626"}],"wp:featuredmedia":[{"embeddable":true,"href":"https:\/\/www.yungayino.cl\/noticias\/index.php?rest_route=\/wp\/v2\/media\/16483"}],"wp:attachment":[{"href":"https:\/\/www.yungayino.cl\/noticias\/index.php?rest_route=%2Fwp%2Fv2%2Fmedia&parent=10624"}],"wp:term":[{"taxonomy":"category","embeddable":true,"href":"https:\/\/www.yungayino.cl\/noticias\/index.php?rest_route=%2Fwp%2Fv2%2Fcategories&post=10624"},{"taxonomy":"post_tag","embeddable":true,"href":"https:\/\/www.yungayino.cl\/noticias\/index.php?rest_route=%2Fwp%2Fv2%2Ftags&post=10624"}],"curies":[{"name":"wp","href":"https:\/\/api.w.org\/{rel}","templated":true}]}}