{"id":10641,"date":"2014-02-08T10:00:27","date_gmt":"2014-02-08T14:00:27","guid":{"rendered":"http:\/\/www.yungayino.cl\/noticias\/?p=10641"},"modified":"2014-02-08T10:28:57","modified_gmt":"2014-02-08T14:28:57","slug":"cuarta-noche-de-la-feria-costumbrista-yungay-2014","status":"publish","type":"post","link":"https:\/\/www.yungayino.cl\/noticias\/?p=10641","title":{"rendered":"Cuarta Noche de la Feria Costumbrista Yungay 2014"},"content":{"rendered":"<p><img loading=\"lazy\" decoding=\"async\" alt=\"YUNGAYINO.CL - El Portal de Yungay\" src=\"http:\/\/www.yungayino.cl\/2014\/pasioncuequera.jpg\" width=\"500\" height=\"200\" \/><\/p>\n<p><span style=\"font-size: small; font-family: arial,helvetica,sans-serif;\">Viernes, 07 de febrero se llevo cabo la cuarta noche de la Feria Costumbrista Yungay 2014 con la animaci\u00f3n de Yanet Navarrete y Mario Salinas, quienes invitaron en primer lugar al escenario a Jos\u00e9 Soto cantante y humorista de la comuna de Lautaro y que es m\u00e1s conocido como <b>\u201cLautarino Humor\u201d, <\/b>qui\u00e9n realizo un tributo a Tito Fern\u00e1ndez y lo mejor de su repertorio. Pero tambi\u00e9n la cueca estuvo presente a cargo de <b>\u201cPasi\u00f3n Cuequera\u201d<\/b> de Yungay, quienes deleitaron bailando nuestro baile nacional y participando con el p\u00fablico. Luego volvi\u00f3 al escenario pero esta vez como humorista el <b>\u201cLautarino<\/b>\u201d, qui\u00e9n con su rutina de humor folclorista hizo re\u00edr a los presentes. Finalmente la noche la cerr\u00f3 el Grupo <b>\u201cLos Sayas\u201d <\/b>con una impecable presentaci\u00f3n con lo mejor de la m\u00fasica Pop Andina, donde el color de las quenas, zampo\u00f1as, charango y armon\u00edas vocales se mezclan con la fuerza del funk y el lat\u00edn rock.<\/span><\/p>\n<p><a href=\"https:\/\/www.facebook.com\/media\/set\/?set=a.794318997249808.1073742090.159561284058919&amp;type=3&amp;uploaded=104\"><span style=\"font-size: small; font-family: arial,helvetica,sans-serif;\">Fotograf\u00edas<\/span><\/a><\/p>\n","protected":false},"excerpt":{"rendered":"<p>Viernes, 07 de febrero se llevo cabo la cuarta noche de la Feria Costumbrista Yungay 2014 con la animaci\u00f3n de Yanet Navarrete y Mario Salinas, quienes invitaron en primer lugar al escenario a Jos\u00e9&#46;&#46;&#46;<\/p>\n","protected":false},"author":2,"featured_media":16488,"comment_status":"open","ping_status":"open","sticky":false,"template":"","format":"standard","meta":{"footnotes":""},"categories":[1],"tags":[1115,866,867,8,6],"class_list":["post-10641","post","type-post","status-publish","format-standard","has-post-thumbnail","hentry","category-noticias","tag-noticias","tag-pasion-cuequera","tag-sayas","tag-yungay","tag-yungayino"],"_links":{"self":[{"href":"https:\/\/www.yungayino.cl\/noticias\/index.php?rest_route=\/wp\/v2\/posts\/10641","targetHints":{"allow":["GET"]}}],"collection":[{"href":"https:\/\/www.yungayino.cl\/noticias\/index.php?rest_route=\/wp\/v2\/posts"}],"about":[{"href":"https:\/\/www.yungayino.cl\/noticias\/index.php?rest_route=\/wp\/v2\/types\/post"}],"author":[{"embeddable":true,"href":"https:\/\/www.yungayino.cl\/noticias\/index.php?rest_route=\/wp\/v2\/users\/2"}],"replies":[{"embeddable":true,"href":"https:\/\/www.yungayino.cl\/noticias\/index.php?rest_route=%2Fwp%2Fv2%2Fcomments&post=10641"}],"version-history":[{"count":3,"href":"https:\/\/www.yungayino.cl\/noticias\/index.php?rest_route=\/wp\/v2\/posts\/10641\/revisions"}],"predecessor-version":[{"id":10644,"href":"https:\/\/www.yungayino.cl\/noticias\/index.php?rest_route=\/wp\/v2\/posts\/10641\/revisions\/10644"}],"wp:featuredmedia":[{"embeddable":true,"href":"https:\/\/www.yungayino.cl\/noticias\/index.php?rest_route=\/wp\/v2\/media\/16488"}],"wp:attachment":[{"href":"https:\/\/www.yungayino.cl\/noticias\/index.php?rest_route=%2Fwp%2Fv2%2Fmedia&parent=10641"}],"wp:term":[{"taxonomy":"category","embeddable":true,"href":"https:\/\/www.yungayino.cl\/noticias\/index.php?rest_route=%2Fwp%2Fv2%2Fcategories&post=10641"},{"taxonomy":"post_tag","embeddable":true,"href":"https:\/\/www.yungayino.cl\/noticias\/index.php?rest_route=%2Fwp%2Fv2%2Ftags&post=10641"}],"curies":[{"name":"wp","href":"https:\/\/api.w.org\/{rel}","templated":true}]}}