{"id":10645,"date":"2014-02-09T19:00:50","date_gmt":"2014-02-09T23:00:50","guid":{"rendered":"http:\/\/www.yungayino.cl\/noticias\/?p=10645"},"modified":"2014-02-09T20:39:25","modified_gmt":"2014-02-10T00:39:25","slug":"quinta-noche-de-la-feria-costumbrista-yungay-2014","status":"publish","type":"post","link":"https:\/\/www.yungayino.cl\/noticias\/?p=10645","title":{"rendered":"Quinta Noche de la  Feria Costumbrista Yungay 2014"},"content":{"rendered":"<p><img loading=\"lazy\" decoding=\"async\" alt=\"YUNGAYINO.CL - El Portal de Yungay\" src=\"http:\/\/www.yungayino.cl\/2014\/danzareslatinoamericanos201402.jpg\" width=\"500\" height=\"200\" \/><\/p>\n<p><span style=\"font-size: small; font-family: arial,helvetica,sans-serif;\">S\u00e1bado, 08 de febrero se llevo cabo la quinta noche de la Feria Costumbrista Yungay 2014, donde el p\u00fablico presente pudo disfrutar de un impecable espect\u00e1culo, el cu\u00e1l comenz\u00f3 con la participaci\u00f3n de <b>\u201cSol y Medianoche\u201d<\/b>, quienes ofrecieron una actuaci\u00f3n plet\u00f3rica y llena de nostalgia, con verdaderos himnos ochentenos como \u00abLa Llave\u00bb y \u00abQuerida Mam\u00e1\u00bb, adem\u00e1s de sus magistrales adaptaciones de V\u00edctor Jara y Violeta Parra. Luego fue el turno del <b>\u201cConjunto Folcl\u00f3rico Danzares Latinoamericanos<\/b>\u201d, quienes presentaron un espect\u00e1culo de calidad mostrando en escena un recorrido hist\u00f3rico y cultural de extractos del cine mexicano, al cu\u00e1l el p\u00fablico ovacion\u00f3 con aplausos. Finalmente cerr\u00f3 la jornada el grupo yungayino <b>\u201cLos Cumbiancheros\u201d<\/b>, quienes con su alegre m\u00fasica hicieron bailar a los presentes<b>.<\/b><\/span><\/p>\n<p><a href=\"https:\/\/www.facebook.com\/media\/set\/?set=a.795124973835877.1073742091.159561284058919&amp;type=3&amp;uploaded=145\"><span style=\"font-size: small; font-family: arial,helvetica,sans-serif;\">Fotograf\u00edas<\/span><\/a><\/p>\n","protected":false},"excerpt":{"rendered":"<p>S\u00e1bado, 08 de febrero se llevo cabo la quinta noche de la Feria Costumbrista Yungay 2014, donde el p\u00fablico presente pudo disfrutar de un impecable espect\u00e1culo, el cu\u00e1l comenz\u00f3 con la participaci\u00f3n de \u201cSol&#46;&#46;&#46;<\/p>\n","protected":false},"author":2,"featured_media":16489,"comment_status":"open","ping_status":"open","sticky":false,"template":"","format":"standard","meta":{"footnotes":""},"categories":[1],"tags":[24,1115,8,6],"class_list":["post-10645","post","type-post","status-publish","format-standard","has-post-thumbnail","hentry","category-noticias","tag-feria-costumbrista","tag-noticias","tag-yungay","tag-yungayino"],"_links":{"self":[{"href":"https:\/\/www.yungayino.cl\/noticias\/index.php?rest_route=\/wp\/v2\/posts\/10645","targetHints":{"allow":["GET"]}}],"collection":[{"href":"https:\/\/www.yungayino.cl\/noticias\/index.php?rest_route=\/wp\/v2\/posts"}],"about":[{"href":"https:\/\/www.yungayino.cl\/noticias\/index.php?rest_route=\/wp\/v2\/types\/post"}],"author":[{"embeddable":true,"href":"https:\/\/www.yungayino.cl\/noticias\/index.php?rest_route=\/wp\/v2\/users\/2"}],"replies":[{"embeddable":true,"href":"https:\/\/www.yungayino.cl\/noticias\/index.php?rest_route=%2Fwp%2Fv2%2Fcomments&post=10645"}],"version-history":[{"count":2,"href":"https:\/\/www.yungayino.cl\/noticias\/index.php?rest_route=\/wp\/v2\/posts\/10645\/revisions"}],"predecessor-version":[{"id":10647,"href":"https:\/\/www.yungayino.cl\/noticias\/index.php?rest_route=\/wp\/v2\/posts\/10645\/revisions\/10647"}],"wp:featuredmedia":[{"embeddable":true,"href":"https:\/\/www.yungayino.cl\/noticias\/index.php?rest_route=\/wp\/v2\/media\/16489"}],"wp:attachment":[{"href":"https:\/\/www.yungayino.cl\/noticias\/index.php?rest_route=%2Fwp%2Fv2%2Fmedia&parent=10645"}],"wp:term":[{"taxonomy":"category","embeddable":true,"href":"https:\/\/www.yungayino.cl\/noticias\/index.php?rest_route=%2Fwp%2Fv2%2Fcategories&post=10645"},{"taxonomy":"post_tag","embeddable":true,"href":"https:\/\/www.yungayino.cl\/noticias\/index.php?rest_route=%2Fwp%2Fv2%2Ftags&post=10645"}],"curies":[{"name":"wp","href":"https:\/\/api.w.org\/{rel}","templated":true}]}}