{"id":10685,"date":"2014-02-16T19:00:41","date_gmt":"2014-02-16T23:00:41","guid":{"rendered":"http:\/\/www.yungayino.cl\/noticias\/?p=10685"},"modified":"2014-02-16T20:19:58","modified_gmt":"2014-02-17T00:19:58","slug":"encuentran-sin-vida-a-joven-desaparecido-en-sector-turistico-del-saltillo-del-itata","status":"publish","type":"post","link":"https:\/\/www.yungayino.cl\/noticias\/?p=10685","title":{"rendered":"Encuentran sin Vida a Joven Desaparecido en Sector Tur\u00edstico del Saltillo del Itata"},"content":{"rendered":"<p><img loading=\"lazy\" decoding=\"async\" alt=\"YUNGAYINO.CL - El Portal de Yungay\" src=\"http:\/\/www.yungayino.cl\/2014\/saltilloletrero.jpg\" width=\"500\" height=\"200\" \/><\/p>\n<p><span style=\"font-size: small; font-family: arial,helvetica,sans-serif;\">Yungay, Personal del Grupo de Operaciones Policiales Especiales de Carabineros (GOPE) , Bomberos de la Segunda Compa\u00f1\u00eda de Concepci\u00f3n y Bomberos de la Cuarta Compa\u00f1\u00eda de Yungay encontraron hoy domingo 16 de febrero a las 15:00 horas el cuerpo sin vida del joven de 20 a\u00f1os identificado como John Maximiliano Riffo Canales en las aguas del R\u00edo Itata. Recordar que el joven se encontraba desde el viernes 14 acampando en dicho lugar tur\u00edstico de la comuna de Yungay, qui\u00e9n estaba celebrando su cumplea\u00f1os en compa\u00f1\u00eda de su polola y familiares, cuando el d\u00eda s\u00e1bado 15 en la tarde se ba\u00f1aba y fue cuando desapareci\u00f3 entre las aguas. Familiares y amigos dieron la alarma de aviso y fue como se inicio la b\u00fasqueda, adem\u00e1s de la disposici\u00f3n por parte del Fiscal Mario Lobos, qui\u00e9n dispuso el arribo del Grupo de Operaciones Especiales (GOPE) de Concepci\u00f3n, para colaborar en los trabajos de b\u00fasqueda. Finalmente todos los antecedente fueron dispuestos por Carabineros de Campanario al Fiscal Sr. Mario Lobos.<\/span><\/p>\n<p><span style=\"font-size: small; font-family: arial,helvetica,sans-serif;\">\u00a0<\/span><\/p>\n","protected":false},"excerpt":{"rendered":"<p>Yungay, Personal del Grupo de Operaciones Policiales Especiales de Carabineros (GOPE) , Bomberos de la Segunda Compa\u00f1\u00eda de Concepci\u00f3n y Bomberos de la Cuarta Compa\u00f1\u00eda de Yungay encontraron hoy domingo 16 de febrero a&#46;&#46;&#46;<\/p>\n","protected":false},"author":2,"featured_media":16495,"comment_status":"open","ping_status":"open","sticky":false,"template":"","format":"standard","meta":{"footnotes":""},"categories":[3,1],"tags":[1115,871,8,6],"class_list":["post-10685","post","type-post","status-publish","format-standard","has-post-thumbnail","hentry","category-actualidad","category-noticias","tag-noticias","tag-saltillo-del-itata","tag-yungay","tag-yungayino"],"_links":{"self":[{"href":"https:\/\/www.yungayino.cl\/noticias\/index.php?rest_route=\/wp\/v2\/posts\/10685","targetHints":{"allow":["GET"]}}],"collection":[{"href":"https:\/\/www.yungayino.cl\/noticias\/index.php?rest_route=\/wp\/v2\/posts"}],"about":[{"href":"https:\/\/www.yungayino.cl\/noticias\/index.php?rest_route=\/wp\/v2\/types\/post"}],"author":[{"embeddable":true,"href":"https:\/\/www.yungayino.cl\/noticias\/index.php?rest_route=\/wp\/v2\/users\/2"}],"replies":[{"embeddable":true,"href":"https:\/\/www.yungayino.cl\/noticias\/index.php?rest_route=%2Fwp%2Fv2%2Fcomments&post=10685"}],"version-history":[{"count":2,"href":"https:\/\/www.yungayino.cl\/noticias\/index.php?rest_route=\/wp\/v2\/posts\/10685\/revisions"}],"predecessor-version":[{"id":10687,"href":"https:\/\/www.yungayino.cl\/noticias\/index.php?rest_route=\/wp\/v2\/posts\/10685\/revisions\/10687"}],"wp:featuredmedia":[{"embeddable":true,"href":"https:\/\/www.yungayino.cl\/noticias\/index.php?rest_route=\/wp\/v2\/media\/16495"}],"wp:attachment":[{"href":"https:\/\/www.yungayino.cl\/noticias\/index.php?rest_route=%2Fwp%2Fv2%2Fmedia&parent=10685"}],"wp:term":[{"taxonomy":"category","embeddable":true,"href":"https:\/\/www.yungayino.cl\/noticias\/index.php?rest_route=%2Fwp%2Fv2%2Fcategories&post=10685"},{"taxonomy":"post_tag","embeddable":true,"href":"https:\/\/www.yungayino.cl\/noticias\/index.php?rest_route=%2Fwp%2Fv2%2Ftags&post=10685"}],"curies":[{"name":"wp","href":"https:\/\/api.w.org\/{rel}","templated":true}]}}