{"id":10693,"date":"2014-02-20T10:00:22","date_gmt":"2014-02-20T14:00:22","guid":{"rendered":"http:\/\/www.yungayino.cl\/noticias\/?p=10693"},"modified":"2014-02-20T16:59:54","modified_gmt":"2014-02-20T20:59:54","slug":"comunidad-de-cholguan-celebra-semana-de-la-amistad-2014","status":"publish","type":"post","link":"https:\/\/www.yungayino.cl\/noticias\/?p=10693","title":{"rendered":"Comunidad de Cholgu\u00e1n Celebra Semana de la Amistad 2014"},"content":{"rendered":"<p><img loading=\"lazy\" decoding=\"async\" alt=\"YUNGAYINO.CL - El Portal de Yungay\" src=\"http:\/\/www.yungayino.cl\/2014\/cholguanina201402.jpg\" width=\"500\" height=\"200\" \/><\/p>\n<p><span style=\"font-size: small; font-family: arial,helvetica,sans-serif;\">Cholgu\u00e1n, con variadas actividades la Comunidad de Cholgu\u00e1n est\u00e1 llevando a cabo la celebraci\u00f3n de la \u201cSemana de la Amistad 2014\u201d, las cuales comenzaron el lunes 17 de febrero con la presentaci\u00f3n de las 2 candidatas a reina, representando a la Junta de Vecinos Cholgu\u00e1n Estaci\u00f3n Sur y al Comit\u00e9 de Vivienda, los cu\u00e1les son presididos por Elina Villagra y Cristian D\u00edaz. En la jornada de este mi\u00e9rcoles 19 el p\u00fablico presente pudo disfrutar de la m\u00fasica folcl\u00f3rica a cargo del conjunto Pasi\u00f3n Cuequera de Yungay, tambi\u00e9n los asistentes rieron con los n\u00fameros art\u00edstico presentados por las dos alianzas en competencia. Finalmente recordar que para este jueves 20 a partir de las 22:00 horas se llevar\u00e1 a cabo la presentaci\u00f3n de los carros aleg\u00f3ricos y que las actividades terminaran el domingo 23 de febrero con las carreras a la chilena.<\/span><\/p>\n<p><a href=\"https:\/\/www.facebook.com\/media\/set\/?set=a.800949263253448.1073742098.159561284058919&amp;type=3&amp;uploaded=113\"><span style=\"font-size: small; font-family: arial,helvetica,sans-serif;\">\u00a0Fotograf\u00edas<\/span><\/a><\/p>\n","protected":false},"excerpt":{"rendered":"<p>Cholgu\u00e1n, con variadas actividades la Comunidad de Cholgu\u00e1n est\u00e1 llevando a cabo la celebraci\u00f3n de la \u201cSemana de la Amistad 2014\u201d, las cuales comenzaron el lunes 17 de febrero con la presentaci\u00f3n de las&#46;&#46;&#46;<\/p>\n","protected":false},"author":2,"featured_media":16496,"comment_status":"open","ping_status":"open","sticky":false,"template":"","format":"standard","meta":{"footnotes":""},"categories":[1],"tags":[35,1115,323,8,6],"class_list":["post-10693","post","type-post","status-publish","format-standard","has-post-thumbnail","hentry","category-noticias","tag-cholguan","tag-noticias","tag-semana-de-la-amistad","tag-yungay","tag-yungayino"],"_links":{"self":[{"href":"https:\/\/www.yungayino.cl\/noticias\/index.php?rest_route=\/wp\/v2\/posts\/10693","targetHints":{"allow":["GET"]}}],"collection":[{"href":"https:\/\/www.yungayino.cl\/noticias\/index.php?rest_route=\/wp\/v2\/posts"}],"about":[{"href":"https:\/\/www.yungayino.cl\/noticias\/index.php?rest_route=\/wp\/v2\/types\/post"}],"author":[{"embeddable":true,"href":"https:\/\/www.yungayino.cl\/noticias\/index.php?rest_route=\/wp\/v2\/users\/2"}],"replies":[{"embeddable":true,"href":"https:\/\/www.yungayino.cl\/noticias\/index.php?rest_route=%2Fwp%2Fv2%2Fcomments&post=10693"}],"version-history":[{"count":3,"href":"https:\/\/www.yungayino.cl\/noticias\/index.php?rest_route=\/wp\/v2\/posts\/10693\/revisions"}],"predecessor-version":[{"id":10696,"href":"https:\/\/www.yungayino.cl\/noticias\/index.php?rest_route=\/wp\/v2\/posts\/10693\/revisions\/10696"}],"wp:featuredmedia":[{"embeddable":true,"href":"https:\/\/www.yungayino.cl\/noticias\/index.php?rest_route=\/wp\/v2\/media\/16496"}],"wp:attachment":[{"href":"https:\/\/www.yungayino.cl\/noticias\/index.php?rest_route=%2Fwp%2Fv2%2Fmedia&parent=10693"}],"wp:term":[{"taxonomy":"category","embeddable":true,"href":"https:\/\/www.yungayino.cl\/noticias\/index.php?rest_route=%2Fwp%2Fv2%2Fcategories&post=10693"},{"taxonomy":"post_tag","embeddable":true,"href":"https:\/\/www.yungayino.cl\/noticias\/index.php?rest_route=%2Fwp%2Fv2%2Ftags&post=10693"}],"curies":[{"name":"wp","href":"https:\/\/api.w.org\/{rel}","templated":true}]}}