{"id":10697,"date":"2014-02-20T16:00:19","date_gmt":"2014-02-20T20:00:19","guid":{"rendered":"http:\/\/www.yungayino.cl\/noticias\/?p=10697"},"modified":"2014-02-20T18:19:38","modified_gmt":"2014-02-20T22:19:38","slug":"sernam-realiza-jornada-de-difusion-en-yungay","status":"publish","type":"post","link":"https:\/\/www.yungayino.cl\/noticias\/?p=10697","title":{"rendered":"SERNAM Realiza Jornada de Difusi\u00f3n en Yungay"},"content":{"rendered":"<p><img loading=\"lazy\" decoding=\"async\" alt=\"YUNGAYINO.CL - El Portal de Yungay\" src=\"http:\/\/www.yungayino.cl\/2014\/sernam20140220.jpg\" width=\"500\" height=\"200\" \/><\/p>\n<p><span style=\"font-size: small; font-family: arial,helvetica,sans-serif;\">Yungay, jueves 20 de febrero en la Plaza Iquique la Ilustre Municipalidad de\u00a0Yungay en coordinaci\u00f3n con el SERNAM Yungay y representantes de la Oficina del SERNAM Cabrero, realizaron una jornada de difusi\u00f3n y promoci\u00f3n acerca de los Programas que se est\u00e1n realizando en la comuna, como el Programa\u00a0 de la Mujer Trabajadora y Jefa de Hogar, que va en ayuda de mujeres entre 18 a 65 a\u00f1os de edad y que las apoya en la b\u00fasqueda de \u00a0trabajo por primera vez o que se encuentran cesantes, tambi\u00e9n el centro de la oficina de la mujer de Cabrero estaba dando orientaci\u00f3n para apoyar a mujeres que han sido violentadas y que necesitan ayuda para poder salir adelante. Recordaron que estar\u00e1n atendiendo todos los mi\u00e9rcoles en las dependencias del anexo del Liceo de Yungay en horario continuado de 10:30 a 16:00 horas.<\/span><\/p>\n<p><a href=\"https:\/\/www.facebook.com\/media\/set\/?set=a.800959629919078.1073742099.159561284058919&amp;type=3&amp;uploaded=10\"><span style=\"font-size: small; font-family: arial,helvetica,sans-serif;\">Fotograf\u00edas<\/span><\/a><\/p>\n","protected":false},"excerpt":{"rendered":"<p>Yungay, jueves 20 de febrero en la Plaza Iquique la Ilustre Municipalidad de\u00a0Yungay en coordinaci\u00f3n con el SERNAM Yungay y representantes de la Oficina del SERNAM Cabrero, realizaron una jornada de difusi\u00f3n y promoci\u00f3n&#46;&#46;&#46;<\/p>\n","protected":false},"author":2,"featured_media":16497,"comment_status":"open","ping_status":"open","sticky":false,"template":"","format":"standard","meta":{"footnotes":""},"categories":[1],"tags":[1115,554,8,6],"class_list":["post-10697","post","type-post","status-publish","format-standard","has-post-thumbnail","hentry","category-noticias","tag-noticias","tag-sernam","tag-yungay","tag-yungayino"],"_links":{"self":[{"href":"https:\/\/www.yungayino.cl\/noticias\/index.php?rest_route=\/wp\/v2\/posts\/10697","targetHints":{"allow":["GET"]}}],"collection":[{"href":"https:\/\/www.yungayino.cl\/noticias\/index.php?rest_route=\/wp\/v2\/posts"}],"about":[{"href":"https:\/\/www.yungayino.cl\/noticias\/index.php?rest_route=\/wp\/v2\/types\/post"}],"author":[{"embeddable":true,"href":"https:\/\/www.yungayino.cl\/noticias\/index.php?rest_route=\/wp\/v2\/users\/2"}],"replies":[{"embeddable":true,"href":"https:\/\/www.yungayino.cl\/noticias\/index.php?rest_route=%2Fwp%2Fv2%2Fcomments&post=10697"}],"version-history":[{"count":2,"href":"https:\/\/www.yungayino.cl\/noticias\/index.php?rest_route=\/wp\/v2\/posts\/10697\/revisions"}],"predecessor-version":[{"id":10699,"href":"https:\/\/www.yungayino.cl\/noticias\/index.php?rest_route=\/wp\/v2\/posts\/10697\/revisions\/10699"}],"wp:featuredmedia":[{"embeddable":true,"href":"https:\/\/www.yungayino.cl\/noticias\/index.php?rest_route=\/wp\/v2\/media\/16497"}],"wp:attachment":[{"href":"https:\/\/www.yungayino.cl\/noticias\/index.php?rest_route=%2Fwp%2Fv2%2Fmedia&parent=10697"}],"wp:term":[{"taxonomy":"category","embeddable":true,"href":"https:\/\/www.yungayino.cl\/noticias\/index.php?rest_route=%2Fwp%2Fv2%2Fcategories&post=10697"},{"taxonomy":"post_tag","embeddable":true,"href":"https:\/\/www.yungayino.cl\/noticias\/index.php?rest_route=%2Fwp%2Fv2%2Ftags&post=10697"}],"curies":[{"name":"wp","href":"https:\/\/api.w.org\/{rel}","templated":true}]}}