{"id":10767,"date":"2014-03-13T10:00:22","date_gmt":"2014-03-13T14:00:22","guid":{"rendered":"http:\/\/www.yungayino.cl\/noticias\/?p=10767"},"modified":"2014-03-13T21:08:24","modified_gmt":"2014-03-14T01:08:24","slug":"biblioteca-publica-de-yungay-sigue-adelante-con-sus-cajas-viajeras","status":"publish","type":"post","link":"https:\/\/www.yungayino.cl\/noticias\/?p=10767","title":{"rendered":"Biblioteca P\u00fablica de Yungay Sigue Adelante con sus Cajas Viajeras"},"content":{"rendered":"<p><img loading=\"lazy\" decoding=\"async\" alt=\"YUNGAYINO.CL - El Portal de Yungay\" src=\"http:\/\/www.yungayino.cl\/2014\/cajasviajerasbiblioteca2014.jpg.jpg\" width=\"500\" height=\"200\" \/><\/p>\n<p style=\"text-align: justify;\">Yungay, el proyecto de fomento lector que naci\u00f3 el a\u00f1o pasado comenzar\u00e1 a llevarse a cabo durante el a\u00f1o 2014, esta vez ampliando su rango de acci\u00f3n a otras instituciones de la comuna. Jardines infantiles, la c\u00e1rcel y el hospital de la ciudad son algunas de las organizaciones que este a\u00f1o ser\u00e1n beneficiadas con las Cajas Viajeras de la <a href=\"http:\/\/www.biblioredes.cl\/yungay\" target=\"_blank\"><b>Biblioteca P\u00fablica N\u00b064 \u201cOreste Montero\u201d de Yungay<\/b><\/a>, en la Regi\u00f3n del Biob\u00edo.<\/p>\n<p style=\"text-align: justify;\">El proyecto comenz\u00f3 a ejecutarse el a\u00f1o 2013 en el <b>\u201cJard\u00edn Rayito de Luna\u201d<\/b>, con el env\u00edo de una caja con 100 libros pertenecientes a la biblioteca. Gracias a ello los ni\u00f1os pudieron disfrutar de grandes cl\u00e1sicos infantiles, especialmente cuentos. \u201cEn estos momentos estamos a la espera de que el Jard\u00edn Infantil Rayito de Luna retome sus labores normales con la finalidad de continuar con la experiencia iniciada el a\u00f1o pasado\u201d, se\u00f1ala Paulina \u00c1vila Pinto, encargada de la Biblioteca P\u00fablica de Yungay.<\/p>\n<p style=\"text-align: justify;\">En enero de este a\u00f1o comenzaron los contactos con autoridades del <b>Centro de Detenci\u00f3n Preventiva<\/b> de Yungay con el objetivo de acercar la lectura a los internos del recinto. A poco andar se logr\u00f3 concretar el env\u00edo de una caja viajera al recinto penitenciario, la que ya cumpli\u00f3 su tiempo de pr\u00e9stamo, y pronto se llevar\u00e1 a cabo un segundo env\u00edo. \u201cNuestro objetivo con esto es poder brindarles la posibilidad a quienes se encuentran privados de libertad de que puedan leer un buen libro y de esta forma hacer m\u00e1s llevadero el tiempo que deben pasar en ese lugar\u201d, comenta Paulina \u00c1vila.<\/p>\n<p style=\"text-align: justify;\">Por otra parte, tambi\u00e9n se realizaron reuniones con la Direcci\u00f3n del <b>Hospital Comunitario de Salud Familiar \u201cPedro Morales Campos\u201d<\/b> de Yungay, con quien se acord\u00f3 el pr\u00e9stamo de material bibliogr\u00e1fico a los pacientes que se encuentran internados en el recinto, idea que finalmente vio la luz el pasado 28 de febrero con el env\u00edo de dos cajas con 100 ejemplares. La idea es continuar extendiendo el servicio a m\u00e1s instituciones y organizaciones comunales, como una forma de acercar los libros a la comunidad y llevar la lectura m\u00e1s all\u00e1 de los muros de la biblioteca.<\/p>\n","protected":false},"excerpt":{"rendered":"<p>Yungay, el proyecto de fomento lector que naci\u00f3 el a\u00f1o pasado comenzar\u00e1 a llevarse a cabo durante el a\u00f1o 2014, esta vez ampliando su rango de acci\u00f3n a otras instituciones de la comuna. Jardines&#46;&#46;&#46;<\/p>\n","protected":false},"author":2,"featured_media":16513,"comment_status":"open","ping_status":"open","sticky":false,"template":"","format":"standard","meta":{"footnotes":""},"categories":[1],"tags":[583,1115,8,6],"class_list":["post-10767","post","type-post","status-publish","format-standard","has-post-thumbnail","hentry","category-noticias","tag-biblioteca","tag-noticias","tag-yungay","tag-yungayino"],"_links":{"self":[{"href":"https:\/\/www.yungayino.cl\/noticias\/index.php?rest_route=\/wp\/v2\/posts\/10767","targetHints":{"allow":["GET"]}}],"collection":[{"href":"https:\/\/www.yungayino.cl\/noticias\/index.php?rest_route=\/wp\/v2\/posts"}],"about":[{"href":"https:\/\/www.yungayino.cl\/noticias\/index.php?rest_route=\/wp\/v2\/types\/post"}],"author":[{"embeddable":true,"href":"https:\/\/www.yungayino.cl\/noticias\/index.php?rest_route=\/wp\/v2\/users\/2"}],"replies":[{"embeddable":true,"href":"https:\/\/www.yungayino.cl\/noticias\/index.php?rest_route=%2Fwp%2Fv2%2Fcomments&post=10767"}],"version-history":[{"count":2,"href":"https:\/\/www.yungayino.cl\/noticias\/index.php?rest_route=\/wp\/v2\/posts\/10767\/revisions"}],"predecessor-version":[{"id":10769,"href":"https:\/\/www.yungayino.cl\/noticias\/index.php?rest_route=\/wp\/v2\/posts\/10767\/revisions\/10769"}],"wp:featuredmedia":[{"embeddable":true,"href":"https:\/\/www.yungayino.cl\/noticias\/index.php?rest_route=\/wp\/v2\/media\/16513"}],"wp:attachment":[{"href":"https:\/\/www.yungayino.cl\/noticias\/index.php?rest_route=%2Fwp%2Fv2%2Fmedia&parent=10767"}],"wp:term":[{"taxonomy":"category","embeddable":true,"href":"https:\/\/www.yungayino.cl\/noticias\/index.php?rest_route=%2Fwp%2Fv2%2Fcategories&post=10767"},{"taxonomy":"post_tag","embeddable":true,"href":"https:\/\/www.yungayino.cl\/noticias\/index.php?rest_route=%2Fwp%2Fv2%2Ftags&post=10767"}],"curies":[{"name":"wp","href":"https:\/\/api.w.org\/{rel}","templated":true}]}}