{"id":10775,"date":"2014-03-17T18:00:28","date_gmt":"2014-03-17T22:00:28","guid":{"rendered":"http:\/\/www.yungayino.cl\/noticias\/?p=10775"},"modified":"2014-03-19T04:16:07","modified_gmt":"2014-03-19T08:16:07","slug":"ruta-concepcion-cabrero-mejorara-competitividad-reduciendo-tiempos-de-viaje-y-aumentando-seguridad","status":"publish","type":"post","link":"https:\/\/www.yungayino.cl\/noticias\/?p=10775","title":{"rendered":"Ruta Concepci\u00f3n &#8211; Cabrero Mejorar\u00e1 Competitividad Reduciendo Tiempos de Viaje y Aumentando Seguridad"},"content":{"rendered":"<p><img loading=\"lazy\" decoding=\"async\" alt=\"\" src=\"http:\/\/www.yungayino.cl\/imagenes\/piedrarutacabreroconce.jpg\" width=\"500\" height=\"200\" \/><\/p>\n<p style=\"text-align: justify;\"><span style=\"font-size: medium;\">La Ruta Concepci\u00f3n &#8211; Cabrero es un eje vial estructurante que mejorar\u00e1 la productividad de la regi\u00f3n, generar\u00e1 m\u00e1s oportunidades y en consecuencia es un proyecto que beneficia a todos los habitantes de la zona. As\u00ed lo sostuvieron el presidente de la C\u00e1mara de la Producci\u00f3n y del Comercio de Concepci\u00f3n, Alberto Miranda y el presidente regional de la Corporaci\u00f3n Chilena de la Madera, Corma, Jorge Ser\u00f3n. La competitividad mejorar\u00e1 porque la nueva carretera disminuir\u00e1 los tiempos de viaje reduciendo el actual trayecto a unos 40 minutos, adem\u00e1s de condiciones de seguridad tanto para el transporte de carga como para los autos particulares.<\/span><\/p>\n<p style=\"text-align: justify;\"><span style=\"font-size: medium;\"> Ambos dirigentes gremiales destacaron que este tipo de proyecto va a traer moment\u00e1neamente incomodidades para los vecinos aleda\u00f1os a la ruta, pero finalmente el progreso favorece a todo el pa\u00eds con mejores condiciones sociales.\u00a0Jorge Ser\u00f3n argument\u00f3 que \u201cesta es una ruta estrat\u00e9gica que permitir\u00e1 subir los est\u00e1ndares de seguridad y adem\u00e1s aumentar\u00e1 la productividad al mejorar los tiempos de desplazamiento de los productos\u201d. En este punto, destac\u00f3 que la nueva v\u00eda \u201cva a permitir un aumento de 45 a 61 toneladas, lo que permite ir modernizando las rutas de la regi\u00f3n, respondiendo a las nuevas necesidades de competitividad\u201d.<\/span><\/p>\n<p style=\"text-align: justify;\"><span style=\"font-size: medium;\">Respecto a qui\u00e9nes ser\u00e1n\u00a0 beneficiados con esta nueva carretera, Alberto Miranda, presidente de la C\u00e1mara de la Producci\u00f3n y del Comercio de Concepci\u00f3n, \u201cac\u00e1 los beneficiados seremos todos. Mayor seguridad es lo principal, m\u00e1s expedito, certeza en los tiempos de traslados, es decir, se acortar\u00e1n los tiempos de desplazamientos mejorando la calidad de vida de muchos trabajadores que viajan diariamente desde Concepci\u00f3n a Los \u00c1ngeles, Yungay u otras localidades cercanas\u201d. Junto con lo anterior agreg\u00f3 que \u201ctambi\u00e9n se ver\u00e1n beneficiados los transportistas, con menos stress; y los empresarios que logran mayor competitividad en toda la cadena productiva. Y si una empresa logra mayor competitividad, se le abren nuevas oportunidades de crecimiento y eso implica mayor empleo, mayores empresas pymes como proveedores, etc.\u201d\u00a0<\/span><\/p>\n<p style=\"text-align: justify;\"><span style=\"font-size: medium;\">El tramo de Ruta 5 a Cholgu\u00e1n se encuentra con un avance superior al 85%, se ha completado ya la pavimentaci\u00f3n en la mitad del bypass de Campanario y se trabaja en la conexi\u00f3n con el enlace de Ruta 5.<\/span><\/p>\n","protected":false},"excerpt":{"rendered":"<p>La Ruta Concepci\u00f3n &#8211; Cabrero es un eje vial estructurante que mejorar\u00e1 la productividad de la regi\u00f3n, generar\u00e1 m\u00e1s oportunidades y en consecuencia es un proyecto que beneficia a todos los habitantes de la&#46;&#46;&#46;<\/p>\n","protected":false},"author":2,"featured_media":16511,"comment_status":"open","ping_status":"open","sticky":false,"template":"","format":"standard","meta":{"footnotes":""},"categories":[1],"tags":[1115,703,8,6],"class_list":["post-10775","post","type-post","status-publish","format-standard","has-post-thumbnail","hentry","category-noticias","tag-noticias","tag-ruta-cabrero-conce","tag-yungay","tag-yungayino"],"_links":{"self":[{"href":"https:\/\/www.yungayino.cl\/noticias\/index.php?rest_route=\/wp\/v2\/posts\/10775","targetHints":{"allow":["GET"]}}],"collection":[{"href":"https:\/\/www.yungayino.cl\/noticias\/index.php?rest_route=\/wp\/v2\/posts"}],"about":[{"href":"https:\/\/www.yungayino.cl\/noticias\/index.php?rest_route=\/wp\/v2\/types\/post"}],"author":[{"embeddable":true,"href":"https:\/\/www.yungayino.cl\/noticias\/index.php?rest_route=\/wp\/v2\/users\/2"}],"replies":[{"embeddable":true,"href":"https:\/\/www.yungayino.cl\/noticias\/index.php?rest_route=%2Fwp%2Fv2%2Fcomments&post=10775"}],"version-history":[{"count":2,"href":"https:\/\/www.yungayino.cl\/noticias\/index.php?rest_route=\/wp\/v2\/posts\/10775\/revisions"}],"predecessor-version":[{"id":10785,"href":"https:\/\/www.yungayino.cl\/noticias\/index.php?rest_route=\/wp\/v2\/posts\/10775\/revisions\/10785"}],"wp:featuredmedia":[{"embeddable":true,"href":"https:\/\/www.yungayino.cl\/noticias\/index.php?rest_route=\/wp\/v2\/media\/16511"}],"wp:attachment":[{"href":"https:\/\/www.yungayino.cl\/noticias\/index.php?rest_route=%2Fwp%2Fv2%2Fmedia&parent=10775"}],"wp:term":[{"taxonomy":"category","embeddable":true,"href":"https:\/\/www.yungayino.cl\/noticias\/index.php?rest_route=%2Fwp%2Fv2%2Fcategories&post=10775"},{"taxonomy":"post_tag","embeddable":true,"href":"https:\/\/www.yungayino.cl\/noticias\/index.php?rest_route=%2Fwp%2Fv2%2Ftags&post=10775"}],"curies":[{"name":"wp","href":"https:\/\/api.w.org\/{rel}","templated":true}]}}